{"id":36639,"date":"2022-01-20T08:11:48","date_gmt":"2022-01-20T14:11:48","guid":{"rendered":"http:\/\/www.zonaroja.com.mx\/?p=36639"},"modified":"2022-01-20T08:11:51","modified_gmt":"2022-01-20T14:11:51","slug":"la-uabjo-y-la-barra-oaxaquena-de-abogados-firman-acuerdo-de-colaboracion","status":"publish","type":"post","link":"https:\/\/zonaroja.com.mx\/?p=36639","title":{"rendered":"La UABJO y la Barra Oaxaque\u00f1a de Abogados firman acuerdo de colaboraci\u00f3n"},"content":{"rendered":"\n<p>Redacci\u00f3n\/Zona Roja.<\/p>\n\n\n\n<p>Oaxaca de Ju\u00e1rez, Oax., 20 de enero de 2021.- Con el prop\u00f3sito de ampliar los espacios formativos y de pr\u00e1cticas profesionales para la comunidad estudiantil, as\u00ed como la realizaci\u00f3n de conferencias, seminarios, diplomados y diversas actividades acad\u00e9micas y de investigaci\u00f3n, recientemente la Universidad Aut\u00f3noma \u201cBenito Ju\u00e1rez\u201d de Oaxaca (UABJO), sign\u00f3 un acuerdo marco de colaboraci\u00f3n con la Barra Oaxaque\u00f1a de Abogados y Pasantes de Derecho Independientes A.C.<\/p>\n\n\n\n<p>Dicho convenio fue firmado por el rector Eduardo Bautista Mart\u00ednez y el Presidente de la Barra, Sa\u00fal Alberto \u00c1ngel Villarreal, quienes refrendaron el compromiso para gestionar programas de educaci\u00f3n continua que mejoren la preparaci\u00f3n de las nuevas generaciones de juristas.<\/p>\n\n\n\n<p>En su intervenci\u00f3n, Bautista Mart\u00ednez celebr\u00f3 que m\u00e1s del 80 por ciento de las y los integrantes de esta importante organizaci\u00f3n, son parte de la comunidad egresada de la UABJO.<\/p>\n\n\n\n<p>Y reconoci\u00f3 las acciones que realizan en favor de la preparaci\u00f3n constante en el \u00e1mbito jur\u00eddico, pues ante las nuevas reformas legislativas y acuerdos globales, es necesaria la actualizaci\u00f3n.<\/p>\n\n\n\n<p>En este sentido, mencion\u00f3 que los resultados obtenidos en este proyecto, servir\u00e1n para responder a las necesidades de justicia y legalidad de la sociedad oaxaque\u00f1a.<\/p>\n\n\n\n<p>Por su parte, el presidente de la mencionada asociaci\u00f3n, coment\u00f3 que existe una preocupaci\u00f3n compartida para que las y los egresados de la Licenciatura en Derecho, aterricen sus conocimientos en la resoluci\u00f3n de problemas locales.<\/p>\n\n\n\n<p>De esta manera, nuestra instituci\u00f3n reafirma su compromiso social y educativo con la comunidad.<\/p>\n\n\n\n<p>Este acto cont\u00f3 con la presencia del Comit\u00e9 Directivo de la Barra Oaxaque\u00f1a de Abogados, adem\u00e1s del Coordinador de Estudios de Posgrado de la Facultad de Derecho, Fredy Julio Santiago Garc\u00eda, y su hom\u00f3logo de Investigaci\u00f3n de Posgrado, Alejandro Efra\u00edn Urbieta Wong, quienes conformar\u00e1n a la Comisi\u00f3n T\u00e9cnica para efectos de este convenio.<\/p>\n","protected":false},"excerpt":{"rendered":"<p>Redacci\u00f3n\/Zona Roja. Oaxaca de Ju\u00e1rez, Oax., 20 de enero de 2021.- Con el prop\u00f3sito de&hellip;<\/p>\n","protected":false},"author":2,"featured_media":36640,"comment_status":"closed","ping_status":"open","sticky":false,"template":"","format":"standard","meta":{"_lmt_disableupdate":"","_lmt_disable":"","_jetpack_memberships_contains_paid_content":false,"footnotes":""},"categories":[109,46],"tags":[360],"class_list":["post-36639","post","type-post","status-publish","format-standard","has-post-thumbnail","hentry","category-minuto-a-minuto","category-zona-blanca","tag-rector-eduardo-bautista-martinez"],"jetpack_featured_media_url":"https:\/\/zonaroja.com.mx\/wp-content\/uploads\/2022\/01\/Rector-Eduardo-Bautista-UABJO.jpg","jetpack_sharing_enabled":true,"_links":{"self":[{"href":"https:\/\/zonaroja.com.mx\/index.php?rest_route=\/wp\/v2\/posts\/36639","targetHints":{"allow":["GET"]}}],"collection":[{"href":"https:\/\/zonaroja.com.mx\/index.php?rest_route=\/wp\/v2\/posts"}],"about":[{"href":"https:\/\/zonaroja.com.mx\/index.php?rest_route=\/wp\/v2\/types\/post"}],"author":[{"embeddable":true,"href":"https:\/\/zonaroja.com.mx\/index.php?rest_route=\/wp\/v2\/users\/2"}],"replies":[{"embeddable":true,"href":"https:\/\/zonaroja.com.mx\/index.php?rest_route=%2Fwp%2Fv2%2Fcomments&post=36639"}],"version-history":[{"count":1,"href":"https:\/\/zonaroja.com.mx\/index.php?rest_route=\/wp\/v2\/posts\/36639\/revisions"}],"predecessor-version":[{"id":36641,"href":"https:\/\/zonaroja.com.mx\/index.php?rest_route=\/wp\/v2\/posts\/36639\/revisions\/36641"}],"wp:featuredmedia":[{"embeddable":true,"href":"https:\/\/zonaroja.com.mx\/index.php?rest_route=\/wp\/v2\/media\/36640"}],"wp:attachment":[{"href":"https:\/\/zonaroja.com.mx\/index.php?rest_route=%2Fwp%2Fv2%2Fmedia&parent=36639"}],"wp:term":[{"taxonomy":"category","embeddable":true,"href":"https:\/\/zonaroja.com.mx\/index.php?rest_route=%2Fwp%2Fv2%2Fcategories&post=36639"},{"taxonomy":"post_tag","embeddable":true,"href":"https:\/\/zonaroja.com.mx\/index.php?rest_route=%2Fwp%2Fv2%2Ftags&post=36639"}],"curies":[{"name":"wp","href":"https:\/\/api.w.org\/{rel}","templated":true}]}}