{"id":36646,"date":"2022-01-20T12:16:14","date_gmt":"2022-01-20T18:16:14","guid":{"rendered":"https:\/\/www.zonaroja.com.mx\/?p=36646"},"modified":"2022-01-20T12:16:15","modified_gmt":"2022-01-20T18:16:15","slug":"buscan-pan-prd-y-nueva-alianza-candidatura-comun-para-la-gubernatura-rechazan-que-sea-con-pri","status":"publish","type":"post","link":"https:\/\/zonaroja.com.mx\/?p=36646","title":{"rendered":"Buscan PAN, PRD y Nueva Alianza candidatura com\u00fan para la gubernatura; rechazan que sea con PRI"},"content":{"rendered":"\n<p>Redacci\u00f3n\/Zona Roja. <\/p>\n\n\n\n<p>Oaxaca de Juarez, Oax., 20 de enero de 2021.- De cara al proceso electoral donde se renovar\u00e1 la gubernatura del estado, Nueva Alianza, Acci\u00f3n Nacional y el Partido de la Revoluci\u00f3n Democr\u00e1tica, anunciaron su inter\u00e9s por definir un m\u00e9todo y construir una candidatura com\u00fan respetando la identidad y proceso interno de cada Instituto pol\u00edtico.<\/p>\n\n\n\n<p>Bersahin L\u00f3pez, dirigente estatal de Nueva Alianza Oaxaca , asegur\u00f3 que este instituto pol\u00edtico est\u00e1 listo para afrontar con candidato propio el proceso para elegir gobernador, sin embargo,  ven la posibilidad de lograr la  integraci\u00f3n de una candidatura com\u00fan entre las distintas fuerzas pol\u00edticas, en la que Nueva Alianza Oaxaca presentar\u00e1 a su propuesta para encabezarla. <\/p>\n\n\n\n<p>\u201cEstoy convencido y concentrado en construir una nueva y verdadera opci\u00f3n pol\u00edtica para las oaxaque\u00f1as y oaxaque\u00f1os , somos un partido local , serio, en franco crecimiento y con una agenda propia, esa identidad pol\u00edtica debe de nutrirse de un gran acompa\u00f1amiento social\u201d, indic\u00f3.<\/p>\n\n\n\n<p>Puntualiz\u00f3, que en esta b\u00fasqueda de acuerdos no existe condici\u00f3n de g\u00e9nero para la postulaci\u00f3n de un candidato com\u00fan, por lo que en esta decisi\u00f3n se antepondr\u00e1 el inter\u00e9s de que quien resulte sea el mejor cuadro que se presente.<\/p>\n\n\n\n<p>Los representantes del PAN, Juan Iv\u00e1n Mendoza, y del PRD, Tom\u00e1s Basald\u00fa, as\u00ed como Bersah\u00edn L\u00f3pez, coincidieron en se\u00f1alar que en la b\u00fasqueda de la candidatura com\u00fan, no est\u00e1 considerado el Partido Revolucionario Institucional. <\/p>\n","protected":false},"excerpt":{"rendered":"<p>Redacci\u00f3n\/Zona Roja. Oaxaca de Juarez, Oax., 20 de enero de 2021.- De cara al proceso&hellip;<\/p>\n","protected":false},"author":2,"featured_media":36645,"comment_status":"closed","ping_status":"open","sticky":false,"template":"","format":"standard","meta":{"_lmt_disableupdate":"","_lmt_disable":"","_jetpack_memberships_contains_paid_content":false,"footnotes":""},"categories":[109,46],"tags":[],"class_list":["post-36646","post","type-post","status-publish","format-standard","has-post-thumbnail","hentry","category-minuto-a-minuto","category-zona-blanca"],"jetpack_featured_media_url":"https:\/\/zonaroja.com.mx\/wp-content\/uploads\/2022\/01\/62284e6a-ce6a-46fc-8097-369692afd731.jpg","jetpack_sharing_enabled":true,"_links":{"self":[{"href":"https:\/\/zonaroja.com.mx\/index.php?rest_route=\/wp\/v2\/posts\/36646","targetHints":{"allow":["GET"]}}],"collection":[{"href":"https:\/\/zonaroja.com.mx\/index.php?rest_route=\/wp\/v2\/posts"}],"about":[{"href":"https:\/\/zonaroja.com.mx\/index.php?rest_route=\/wp\/v2\/types\/post"}],"author":[{"embeddable":true,"href":"https:\/\/zonaroja.com.mx\/index.php?rest_route=\/wp\/v2\/users\/2"}],"replies":[{"embeddable":true,"href":"https:\/\/zonaroja.com.mx\/index.php?rest_route=%2Fwp%2Fv2%2Fcomments&post=36646"}],"version-history":[{"count":1,"href":"https:\/\/zonaroja.com.mx\/index.php?rest_route=\/wp\/v2\/posts\/36646\/revisions"}],"predecessor-version":[{"id":36647,"href":"https:\/\/zonaroja.com.mx\/index.php?rest_route=\/wp\/v2\/posts\/36646\/revisions\/36647"}],"wp:featuredmedia":[{"embeddable":true,"href":"https:\/\/zonaroja.com.mx\/index.php?rest_route=\/wp\/v2\/media\/36645"}],"wp:attachment":[{"href":"https:\/\/zonaroja.com.mx\/index.php?rest_route=%2Fwp%2Fv2%2Fmedia&parent=36646"}],"wp:term":[{"taxonomy":"category","embeddable":true,"href":"https:\/\/zonaroja.com.mx\/index.php?rest_route=%2Fwp%2Fv2%2Fcategories&post=36646"},{"taxonomy":"post_tag","embeddable":true,"href":"https:\/\/zonaroja.com.mx\/index.php?rest_route=%2Fwp%2Fv2%2Ftags&post=36646"}],"curies":[{"name":"wp","href":"https:\/\/api.w.org\/{rel}","templated":true}]}}