{"id":36650,"date":"2022-01-20T16:50:52","date_gmt":"2022-01-20T22:50:52","guid":{"rendered":"https:\/\/www.zonaroja.com.mx\/?p=36650"},"modified":"2022-01-20T16:51:01","modified_gmt":"2022-01-20T22:51:01","slug":"impugnacion-sobre-candidatura-de-morena-para-oaxaca-sigue-en-el-tribunal-federal","status":"publish","type":"post","link":"https:\/\/zonaroja.com.mx\/?p=36650","title":{"rendered":"Impugnaci\u00f3n sobre candidatura de Morena para Oaxaca sigue en el Tribunal Federal"},"content":{"rendered":"\n<p>Redacci\u00f3n\/Zona Roja. <\/p>\n\n\n\n<p>Oaxaca de Ju\u00e1rez, Oax., 20 de enero del 2022.- La Impugnaci\u00f3n sobre la candidatura de Morena para Oaxaca, se mantiene firme en el Tribunal Federal, como se ten\u00eda previsto, y solo encausan al Tribunal Electoral de Oaxaca la solicitud presentada por la Senadora Susana Harp sobre medias cautelares al proceso. <\/p>\n\n\n\n<p>La \u00fanica impugnaci\u00f3n encausada  por el Tribunal Federal y remitida a Oaxaca para su primer an\u00e1lisis, es sobre la negativa de la Comisi\u00f3n Nacional de Honestidad y Justicia de Morena de aplicar medidas cautelares en el contexto electoral que se vive en el estado, de cara a la renovaci\u00f3n de la gubernatura. <\/p>\n\n\n\n<p>Dichas medidas cautelares consisten en ordenar al presidente del partido y a otras personas, que eviten comunicar que ya existe en Morena un precandidato \u00fanico a la gubernatura de Oaxaca, ya que a\u00fan se mantiene en curso en el Tribunal Federal la impugnaci\u00f3n central presentada por la senadora, Susana Harp Iturribarr\u00eda. <\/p>\n\n\n\n<p>Al llegar esta inconformidad sobre la aplicaci\u00f3n de medidas cautelares a la Sala Superior, se determin\u00f3 que primeramente sea examinada por el Tribunal de Oaxaca, para que, una vez que se dicte resoluci\u00f3n, proceda la discusi\u00f3n a la instancia Federal. <\/p>\n\n\n\n<p>Es importante mencionar que las medidas cautelares tienen car\u00e1cter provisional y se deben dictar para evitar inequidad en la contienda interna en lo que se decide el juicio principal sobre la candidatura de morena a la gubernatura de Oaxaca, pendiente de resolver en la Sala Superior del TEPJF.<\/p>\n\n\n\n<p>(Comunicado)<\/p>\n\n\n\n<figure class=\"wp-block-image size-large\"><img decoding=\"async\" width=\"578\" height=\"960\" src=\"https:\/\/www.zonaroja.com.mx\/wp-content\/uploads\/2022\/01\/a8fc5e17-d439-49ac-a925-7981e9b00958.jpg\" alt=\"\" class=\"wp-image-36649\" srcset=\"https:\/\/zonaroja.com.mx\/wp-content\/uploads\/2022\/01\/a8fc5e17-d439-49ac-a925-7981e9b00958.jpg 578w, https:\/\/zonaroja.com.mx\/wp-content\/uploads\/2022\/01\/a8fc5e17-d439-49ac-a925-7981e9b00958-181x300.jpg 181w\" sizes=\"(max-width: 578px) 100vw, 578px\" \/><\/figure>\n","protected":false},"excerpt":{"rendered":"<p>Redacci\u00f3n\/Zona Roja. Oaxaca de Ju\u00e1rez, Oax., 20 de enero del 2022.- La Impugnaci\u00f3n sobre la&hellip;<\/p>\n","protected":false},"author":2,"featured_media":36648,"comment_status":"closed","ping_status":"open","sticky":false,"template":"","format":"standard","meta":{"_lmt_disableupdate":"","_lmt_disable":"","_jetpack_memberships_contains_paid_content":false,"footnotes":""},"categories":[109,46],"tags":[],"class_list":["post-36650","post","type-post","status-publish","format-standard","has-post-thumbnail","hentry","category-minuto-a-minuto","category-zona-blanca"],"jetpack_featured_media_url":"https:\/\/zonaroja.com.mx\/wp-content\/uploads\/2022\/01\/980fdb80-b807-459f-8949-ae273429ad6c.jpg","jetpack_sharing_enabled":true,"_links":{"self":[{"href":"https:\/\/zonaroja.com.mx\/index.php?rest_route=\/wp\/v2\/posts\/36650","targetHints":{"allow":["GET"]}}],"collection":[{"href":"https:\/\/zonaroja.com.mx\/index.php?rest_route=\/wp\/v2\/posts"}],"about":[{"href":"https:\/\/zonaroja.com.mx\/index.php?rest_route=\/wp\/v2\/types\/post"}],"author":[{"embeddable":true,"href":"https:\/\/zonaroja.com.mx\/index.php?rest_route=\/wp\/v2\/users\/2"}],"replies":[{"embeddable":true,"href":"https:\/\/zonaroja.com.mx\/index.php?rest_route=%2Fwp%2Fv2%2Fcomments&post=36650"}],"version-history":[{"count":1,"href":"https:\/\/zonaroja.com.mx\/index.php?rest_route=\/wp\/v2\/posts\/36650\/revisions"}],"predecessor-version":[{"id":36651,"href":"https:\/\/zonaroja.com.mx\/index.php?rest_route=\/wp\/v2\/posts\/36650\/revisions\/36651"}],"wp:featuredmedia":[{"embeddable":true,"href":"https:\/\/zonaroja.com.mx\/index.php?rest_route=\/wp\/v2\/media\/36648"}],"wp:attachment":[{"href":"https:\/\/zonaroja.com.mx\/index.php?rest_route=%2Fwp%2Fv2%2Fmedia&parent=36650"}],"wp:term":[{"taxonomy":"category","embeddable":true,"href":"https:\/\/zonaroja.com.mx\/index.php?rest_route=%2Fwp%2Fv2%2Fcategories&post=36650"},{"taxonomy":"post_tag","embeddable":true,"href":"https:\/\/zonaroja.com.mx\/index.php?rest_route=%2Fwp%2Fv2%2Ftags&post=36650"}],"curies":[{"name":"wp","href":"https:\/\/api.w.org\/{rel}","templated":true}]}}