{"id":36655,"date":"2022-01-20T19:32:37","date_gmt":"2022-01-21T01:32:37","guid":{"rendered":"http:\/\/www.zonaroja.com.mx\/?p=36655"},"modified":"2022-01-20T19:47:48","modified_gmt":"2022-01-21T01:47:48","slug":"demandan-atencion-digna-para-adolescente-violada-en-comunidad-de-oaxaca","status":"publish","type":"post","link":"https:\/\/zonaroja.com.mx\/?p=36655","title":{"rendered":"Demandan atenci\u00f3n digna para adolescente violada en comunidad de Oaxaca"},"content":{"rendered":"\n<p>Redacci\u00f3n\/Zona Roja.<\/p>\n\n\n\n<p>Oaxaca de Ju\u00e1rez, Oax., 20 de enero de 2022.- Organismos civiles, activistas y ciudadanos demandaron a las autoridades estatales y a organismos civiles una atenci\u00f3n \u00e1gil, digna y con los protocolos respectivos, para una adolescente que fue v\u00edctima de violaci\u00f3n en San Juan Colorado, Oaxaca.<\/p>\n\n\n\n<p>Se trata de G. Q. G., de 17 a\u00f1os de edad, originaria de dicho municipio de la regi\u00f3n Costa, quien fue entregada a una vecina por su hermana, \u201cy la vecina sin raz\u00f3n aparente la entreg\u00f3 al se\u00f1or Ponciano Guti\u00e9rrez Gonz\u00e1lez, de la comunidad La Soledad. A la menor se le oblig\u00f3 seguir con el embarazo\u201d.<\/p>\n\n\n\n<p>Seg\u00fan el relato, publicado en el perfil de Facebook de Feministas Oaxaca, cuando intervienen sus familiares y al interponer una denuncia en la Sindicatura municipal, el se\u00f1or Ponciano exigi\u00f3 la cantidad de 14 mil pesos para devolverles a la menor, expresando adem\u00e1s que en caso de que la menor diera a luz a un ni\u00f1o, se lo quedar\u00eda, pero si fuera ni\u00f1a, ped\u00eda un pago econ\u00f3mico para entregarles a la menor.<\/p>\n\n\n\n<p>El 12 de enero del presente a\u00f1o, G. Q. G. dio a luz en el hospital de Pinotepa Nacional, y su hermano, quien asisti\u00f3 para acompa\u00f1arla, \u201cfue corrido por Ponciano Guti\u00e9rrez Gonz\u00e1lez y esposa, a menos que pagara cinco mil pesos como \u2018derecho a quedarse\u2019 en el hospital. La menor fue dada de alta al d\u00eda siguiente, subida a un taxi por dichas personas sin permitir que su hermano se acercara a ella\u201d.<\/p>\n\n\n\n<p>Ayer 19 de enero, G. Q. G. fue trasladada por parte de la Fiscal\u00eda local de Santiago Pinotepa Nacional al CEJUM (Centro de Justicia para Mujeres) en la ciudad de Oaxaca, \u201csin ning\u00fan protocolo de seguridad, violando adem\u00e1s el derecho al cuidado de la integridad de la menor y a un int\u00e9rprete.<\/p>\n\n\n\n<p>\u201cA sus familiares se les ha negado todo tipo de informaci\u00f3n y obligados a firmar documentos de los cuales desconocen su contenido, ya que no se les ha facilitado ning\u00fan int\u00e9rprete ni traductor. Hasta el momento no se les ha permitido verla y no saben d\u00f3nde se encuentra la menor.<\/p>\n\n\n\n<p>Ante ello los organismos civiles y ciudadanos demandaron atenci\u00f3n y resoluci\u00f3n inmediata al caso de G. Q. G., con Carpeta de Investigaci\u00f3n 21708\/FCOS\/PINOTEPA\/2021, as\u00ed como la destituci\u00f3n de la Fiscal de g\u00e9nero de la Costa, Maribel Nicol\u00e1s Melo y de la directora del CEJUM, Tania Albarr\u00e1n.<\/p>\n\n\n\n<p>Entre los firmantes de la denuncia se encuentran Activistas Feministas Oaxaca, Consorcio Oaxaca, Alianza de Mujeres Ind\u00edgenas de Centroam\u00e9rica y M\u00e9xico, Asociaci\u00f3n de Mujeres de la Costa Oaxaca, AMCO A.C., Centro de DH \u201cBartolom\u00e9 Carrasco Brise\u00f1o\u201d A.C., Comit\u00e9 de Am\u00e9rica Latina y del Caribe para la Defensa de los Derechos de las Mujeres y<\/p>\n\n\n\n<p>Grupo de Estudios sobre la Mujer Rosario Castellanos.<\/p>\n\n\n\n<p>RESPONDE LA FISCAL\u00cdA<\/p>\n\n\n\n<p>Ante el caso, la Fiscal\u00eda General del Estado de Oaxaca emiti\u00f3 un comunicado en que detall\u00f3 que realiza las acciones de protecci\u00f3n de la v\u00edctima y su hija, atendiendo el inter\u00e9s superior de la ni\u00f1ez.<\/p>\n\n\n\n<p>\u201cSe han realizado los actos de investigaci\u00f3n correspondientes ce\u00f1idos a los protocolos de g\u00e9nero pertinentes para garantizar la integridad y los derechos humanos de la v\u00edctima y su hija reci\u00e9n nacida, adem\u00e1s de realizar las acciones necesarias para esclarecer el hecho y sancionar a qui\u00e9n o qui\u00e9nes resulten responsables.<\/p>\n\n\n\n<p>\u201cEl 14 de enero de 2022, un familiar de la v\u00edctima acudi\u00f3 ante el Ministerio P\u00fablico, manifestando que la adolescente se encontraba en un domicilio ubicado en la poblaci\u00f3n de Soledad, perteneciente al municipio de San Juan Colorado, y que las personas que ah\u00ed se encontraban exig\u00edan una suma de dinero para entreg\u00e1rsela.<\/p>\n\n\n\n<p>\u201cEsto propici\u00f3 que personal institucional, en coordinaci\u00f3n con el Sistema para el Desarrollo Integral de la Familia (DIF) de San Juan Colorado, se movilizaran al referido domicilio donde se entabl\u00f3 contacto con la v\u00edctima informando al personal actuante que hab\u00eda dado a luz el 12 de enero del a\u00f1o en curso.<\/p>\n\n\n\n<p>\u201cComo parte de las acciones de protecci\u00f3n a la v\u00edctima, este 19 de enero, la Fiscal\u00eda realiz\u00f3 el traslado de la v\u00edctima y su hija a la capital del estado, debido a que las investigaciones permitieron establecer la existencia de riesgos a la integridad de ambas.<\/p>\n\n\n\n<p>\u201cCabe recalcar que durante el traslado estuvo acompa\u00f1ada por un familiar hasta las oficinas de esta Instituci\u00f3n.<\/p>\n\n\n\n<p>\u201cAsimismo, debido al estado de salud de la adolescente que se encuentra en postparto y las condiciones de su hija reci\u00e9n nacida, se encuentran recibiendo atenci\u00f3n m\u00e9dica, as\u00ed como atenci\u00f3n de un equipo multidisciplinario, acciones que han sido informadas a su familia en todo momento.<\/p>\n\n\n\n<p>\u201cLa adolescente y su hija se encuentran juntas, y se realizan todas las acciones necesarias que permitan garantizar y salvaguardad la integridad f\u00edsica y psicoemocional, adem\u00e1s que se da seguimiento a los procesos jur\u00eddicos del caso, de los cuales se mantiene informada a la familia sobre esta acci\u00f3n\u201d, detall\u00f3 la instituci\u00f3n.<\/p>\n\n\n\n<p>Expuso en su comunicado que dar\u00e1 puntual seguimiento a este caso, a fin de que la integridad y derechos humanos de la adolescente y su hija reci\u00e9n nacida, no sean vulnerados.<\/p>\n","protected":false},"excerpt":{"rendered":"<p>Redacci\u00f3n\/Zona Roja. Oaxaca de Ju\u00e1rez, Oax., 20 de enero de 2022.- Organismos civiles, activistas y&hellip;<\/p>\n","protected":false},"author":2,"featured_media":36656,"comment_status":"closed","ping_status":"open","sticky":false,"template":"","format":"standard","meta":{"_lmt_disableupdate":"","_lmt_disable":"","_jetpack_memberships_contains_paid_content":false,"footnotes":""},"categories":[109,47],"tags":[1878],"class_list":["post-36655","post","type-post","status-publish","format-standard","has-post-thumbnail","hentry","category-minuto-a-minuto","category-zona-gris","tag-san-juan-colorado"],"jetpack_featured_media_url":"https:\/\/zonaroja.com.mx\/wp-content\/uploads\/2022\/01\/Adolescente-violada.jpg","jetpack_sharing_enabled":true,"_links":{"self":[{"href":"https:\/\/zonaroja.com.mx\/index.php?rest_route=\/wp\/v2\/posts\/36655","targetHints":{"allow":["GET"]}}],"collection":[{"href":"https:\/\/zonaroja.com.mx\/index.php?rest_route=\/wp\/v2\/posts"}],"about":[{"href":"https:\/\/zonaroja.com.mx\/index.php?rest_route=\/wp\/v2\/types\/post"}],"author":[{"embeddable":true,"href":"https:\/\/zonaroja.com.mx\/index.php?rest_route=\/wp\/v2\/users\/2"}],"replies":[{"embeddable":true,"href":"https:\/\/zonaroja.com.mx\/index.php?rest_route=%2Fwp%2Fv2%2Fcomments&post=36655"}],"version-history":[{"count":1,"href":"https:\/\/zonaroja.com.mx\/index.php?rest_route=\/wp\/v2\/posts\/36655\/revisions"}],"predecessor-version":[{"id":36657,"href":"https:\/\/zonaroja.com.mx\/index.php?rest_route=\/wp\/v2\/posts\/36655\/revisions\/36657"}],"wp:featuredmedia":[{"embeddable":true,"href":"https:\/\/zonaroja.com.mx\/index.php?rest_route=\/wp\/v2\/media\/36656"}],"wp:attachment":[{"href":"https:\/\/zonaroja.com.mx\/index.php?rest_route=%2Fwp%2Fv2%2Fmedia&parent=36655"}],"wp:term":[{"taxonomy":"category","embeddable":true,"href":"https:\/\/zonaroja.com.mx\/index.php?rest_route=%2Fwp%2Fv2%2Fcategories&post=36655"},{"taxonomy":"post_tag","embeddable":true,"href":"https:\/\/zonaroja.com.mx\/index.php?rest_route=%2Fwp%2Fv2%2Ftags&post=36655"}],"curies":[{"name":"wp","href":"https:\/\/api.w.org\/{rel}","templated":true}]}}