{"id":36658,"date":"2022-01-20T21:12:03","date_gmt":"2022-01-21T03:12:03","guid":{"rendered":"http:\/\/www.zonaroja.com.mx\/?p=36658"},"modified":"2022-01-20T21:12:06","modified_gmt":"2022-01-21T03:12:06","slug":"destacan-legisladores-y-titular-de-semovi-beneficios-de-ciclovias","status":"publish","type":"post","link":"https:\/\/zonaroja.com.mx\/?p=36658","title":{"rendered":"Destacan legisladores y titular de Semovi beneficios de ciclov\u00edas"},"content":{"rendered":"\n<p>Redacci\u00f3n\/Zona Roja.<\/p>\n\n\n\n<p>Oaxaca de Ju\u00e1rez, Oax. 20 de enero de 2022. En el marco de la Glosa del Quinto Informe de gobierno del mandatario estatal Alejandro Murat Hinojosa, el secretario de Movilidad, Arturo L\u00f3pez Sorroza, compareci\u00f3 este jueves ante la Comisi\u00f3n de Movilidad, Comunicaciones y Transportes del Congreso del Estado de Oaxaca, en el que destac\u00f3 las acciones realizadas durante el ejercicio 2021 con el objetivo de garantizar una movilidad segura y sostenible para las y los oaxaque\u00f1os.<\/p>\n\n\n\n<p>En su informe de las actividades, el secretario de Movilidad reafirm\u00f3 su compromiso para la innovaci\u00f3n, modernizaci\u00f3n tecnol\u00f3gica, sostenibilidad, seguridad y certeza jur\u00eddica en el tema de movilidad, ya que constituye uno de los rubros b\u00e1sicos para el crecimiento econ\u00f3mico del estado; adem\u00e1s, dijo, da a la poblaci\u00f3n una movilidad sustentable, en donde el peat\u00f3n percibe m\u00e1s seguridad en sus desplazamientos por las calles, as\u00ed como tener diferentes opciones de transporte, m\u00e1s seguras, confiables, econ\u00f3micas y en armon\u00eda con el medio ambiente.<\/p>\n\n\n\n<p>\u201cEn este quinto a\u00f1o de gobierno, se contin\u00faa cumpliendo los objetivos del Plan Estatal de Desarrollo 2016-2022. Actualmente en el estado de Oaxaca, la Secretar\u00eda de Movilidad no solo trabaja en beneficio del transporte p\u00fablico, sino que ha generado m\u00e1s opciones de traslado y se ha fortalecido el marco jur\u00eddico; por eso nos queda claro que, con trabajo y compromiso, se puede renovar y modernizar la movilidad de las y los oaxaque\u00f1os\u201d, refiri\u00f3 L\u00f3pez Sorroza ante las y los legisladores.<\/p>\n\n\n\n<p>El titular de la Semovi inform\u00f3 que se fortaleci\u00f3 el marco jur\u00eddico de esta dependencia estatal, al lograr armonizar por primera vez la Ley de Movilidad, expidi\u00e9ndose el Reglamento de la Ley de Movilidad y el Reglamento Interno de la Secretar\u00eda de Movilidad, mismos que fueron publicados el 9 de agosto de 2021 en el Peri\u00f3dico Oficial del Gobierno del Estado, y que es parte del trabajo conjunto con el Honorable Congreso del Estado.<\/p>\n\n\n\n<p>Asimismo, expuso los logros y avances que se han llevado a cabo en el \u201cSistema de Transporte Colectivo Metropolitano, Citybus Oaxaca\u201d, recalcando que este proyecto es resultado de una visi\u00f3n innovadora y vanguardista, que ofrece una movilidad m\u00e1s \u00e1gil y segura para los y los usuarios, mismo que ha beneficiado y transportado a 369 mil 688 personas a diciembre de 2021, y que, con su moderno sistema de software, y tarjetas inteligentes de prepago, ha revolucionado la manera de utilizar el transporte p\u00fablico en Oaxaca.<\/p>\n\n\n\n<p>L\u00f3pez Sorroza mencion\u00f3 que durante el 2021, se dio continuidad a la Modernizaci\u00f3n de la Infraestructura Semaf\u00f3rica, del corredor San Lorenzo Cacaotepec \u2013 Jard\u00edn Madero, en beneficio de m\u00e1s de 16 mil peatones y de 57 mil veh\u00edculos, reduciendo considerablemente el tiempo de traslado. Adem\u00e1s, se instalaron sem\u00e1foros peatonales auditivos introduciendo por primera vez en nuestro estado, botones de activaci\u00f3n peatonal a lo largo del corredor, dispositivos programados con pantallas para visualizar el tiempo de cruce, lo que brinda condiciones de seguridad a las y los peatones.<\/p>\n\n\n\n<p>En cuanto al Proyecto de la Biciruta, resalt\u00f3 que, a trav\u00e9s de la implementaci\u00f3n de la nueva infraestructura ciclista, ha beneficiado a un total de 413 mil 523 habitantes en la zona Metropolitana de Oaxaca, conectando la zona norte de la ciudad de Oaxaca de Ju\u00e1rez con el Centro Hist\u00f3rico y el Municipio de Santa Luc\u00eda del Camino; as\u00ed como promover una visi\u00f3n amigable con el medio ambiente, sostenible en t\u00e9rminos de desarrollo social y econ\u00f3mico.<\/p>\n\n\n\n<p>El Secretario tambi\u00e9n enfatiz\u00f3 que, las plataformas digitales son fundamentales en la estrategia que visualiza la Semovi, por tal motivo y congruentes con una moderna visi\u00f3n de la movilidad, durante 2021, se continu\u00f3 y ampli\u00f3 las alianzas entre las y los concesionarios, con las empresas de las plataformas m\u00e1s importantes a nivel global: Didi y Uber.<\/p>\n\n\n\n<p>\u201cEl 9 de julio de 2021, Didi Taxi lleg\u00f3 a la localidad de Puerto Escondido, siendo el primer destino tur\u00edstico de playa en contar con este modelo de servicio en toda la Rep\u00fablica, beneficiando a m\u00e1s de 250 familias que trabajan en el taxi; por otro lado, el 31 de agosto de 2021, se implement\u00f3 Uber Taxi, en el municipio de Oaxaca de Ju\u00e1rez\u201d, mencion\u00f3.<\/p>\n\n\n\n<figure class=\"wp-block-embed is-type-rich is-provider-twitter wp-block-embed-twitter\"><div class=\"wp-block-embed__wrapper\">\n<div class=\"twitter-tweet\"><blockquote class=\"twitter-tweet\" data-lang=\"es\"><p lang=\"es\" dir=\"ltr\"><a href=\"https:\/\/twitter.com\/hashtag\/%C3%9AltimoMinuto?src=hash&amp;ref_src=twsrc%5Etfw\">#\u00daltimoMinuto<\/a> <br>Durante su comparecencia ante la Comisi\u00f3n Permanente de Movilidad, el responsable de la <a href=\"https:\/\/twitter.com\/SEMOVI_GobOax?ref_src=twsrc%5Etfw\">@SEMOVI_GobOax<\/a>, <a href=\"https:\/\/twitter.com\/LOPEZSORROZA?ref_src=twsrc%5Etfw\">@LOPEZSORROZA<\/a>, destac\u00f3 los amplios beneficios que trae el uso de la bicicleta, por lo cual se impulsan las ciclov\u00edas. <a href=\"https:\/\/t.co\/ffaZpUcLAh\">pic.twitter.com\/ffaZpUcLAh<\/a><\/p>&mdash; Zona Roja Oaxaca (@Zona_Roja_Oax) <a href=\"https:\/\/twitter.com\/Zona_Roja_Oax\/status\/1484269892488601602?ref_src=twsrc%5Etfw\">20 de enero de 2022<\/a><\/blockquote><\/div>\n<\/div><\/figure>\n\n\n\n<p>En cuanto a los servicios de tr\u00e1mites que la dependencia ofrece, y que permiten llegar a los lugares y comunidades m\u00e1s alejadas en el estado, destac\u00f3 el avance que representa el Programa \u201cSemovi en tu localidad\u201d, el cual lleva asesor\u00eda jur\u00eddica, revista f\u00edsico mec\u00e1nica, renovaci\u00f3n de concesiones, altas y cambios de veh\u00edculos del servicio p\u00fablico, transferencias y designaci\u00f3n de beneficiarios; as\u00ed tambi\u00e9n, licencias y emplacamientos para particulares y concesionarios.<\/p>\n\n\n\n<p>En el rubro de Ordenamiento del Transporte P\u00fablico, L\u00f3pez Sorroza enfatiz\u00f3 la importancia del programa \u201cS\u00famate a la legalidad\u201d, que ha permitido regularizar de manera m\u00e1s \u00e1gil, efectiva, y descentralizada, los tr\u00e1mites de Renovaci\u00f3n de Concesiones, superando en un 162%, el total de tr\u00e1mites realizados al inicio de la presente administraci\u00f3n, y logrando de manera gradual un inter\u00e9s en las y los concesionarios, para circular en la legalidad.<\/p>\n\n\n\n<p>Inform\u00f3 que a partir de agosto de 2021 se logr\u00f3 por primera vez, la descentralizaci\u00f3n de tr\u00e1mites de concesiones iniciando en los municipios de la Heroica Ciudad de Juchit\u00e1n de Zaragoza, Santiago Pinotepa Nacional, San Pedro Pochutla y San Juan Bautista Tuxtepec, y en este a\u00f1o se ampliar\u00e1 el servicio a otros municipios.<\/p>\n\n\n\n<p>En materia de expedici\u00f3n de licencias de conducir, la Secretar\u00eda obtuvo el premio de innovaci\u00f3n p\u00fablica UGOB 2021, por la emisi\u00f3n de la primera licencia digital de conducir del pa\u00eds, atendiendo en este mismo ejercicio a 12 mil 139 usuarios. En cuanto a seguridad vial, la Semovi implement\u00f3 la aplicaci\u00f3n del Examen Te\u00f3rico de Manejo para obtener la licencia de conducir por primera vez, evaluando en el 2021 a 59 mil182 solicitantes.<\/p>\n\n\n\n<p>A trav\u00e9s del Registro Estatal del Transporte de Oaxaca, dijo, se contin\u00faa proporcionando el \u201ctarjet\u00f3n de identificaci\u00f3n\u201d a los operadores del transporte p\u00fablico, el cual ofrece seguridad a las y los usuarios al momento de subir a un veh\u00edculo. Con este sistema actualmente se tiene registrado a 4 mil 836 operadores del estado.<\/p>\n\n\n\n<p>Con el operativo en Valles Centrales \u201cSin Placas, no me subo\u201d, se revisa que todas las unidades del transporte p\u00fablico cuenten con placas de circulaci\u00f3n actualizadas, como resultado, durante este a\u00f1o mil 235 taxis portan actualmente con este elemento de identificaci\u00f3n vehicular.<\/p>\n\n\n\n<p>Asimismo, como parte del trabajo interinstitucional, entre la Semovi y la Secretar\u00eda de Seguridad P\u00fablica de Oaxaca (SSPO), por conducto de la Direcci\u00f3n General de la Polic\u00eda Vial Estatal, la Guardia Nacional (GN) y Polic\u00edas Viales Municipales, realizaron un total de 57 operativos, en los que se revisaron 2 mil 290 veh\u00edculos de diferentes modalidades.<\/p>\n\n\n\n<p>Finalmente, el titular de la Semovi, Arturo L\u00f3pez Sorroza, enfatiz\u00f3 estar convencido que la intervenci\u00f3n en el espacio p\u00fablico con base y respeto en la Pir\u00e1mide de Movilidad, como referencia gr\u00e1fica sobre la preferencia vial, es prioritaria, para dar continuidad a un servicio m\u00e1s eficiente y profesionalizado del transporte p\u00fablico, dentro de una movilidad con Perspectiva de G\u00e9nero, amigable con el medio ambiente y con respeto hacia las y los peatones, priorizando a ni\u00f1as y ni\u00f1os, mujeres, adultos mayores y personas con discapacidad.<\/p>\n\n\n\n<p>\u201cNuestra visi\u00f3n est\u00e1 basada en que el trabajo que hacemos, tenga resultados positivos en el diario vivir de las y los oaxaque\u00f1os, respetando su derecho constitucional a una Movilidad Segura y Libre de Violencia\u201d, concluy\u00f3.<\/p>\n","protected":false},"excerpt":{"rendered":"<p>Redacci\u00f3n\/Zona Roja. Oaxaca de Ju\u00e1rez, Oax. 20 de enero de 2022. En el marco de&hellip;<\/p>\n","protected":false},"author":2,"featured_media":36659,"comment_status":"closed","ping_status":"open","sticky":false,"template":"","format":"standard","meta":{"_lmt_disableupdate":"","_lmt_disable":"","_jetpack_memberships_contains_paid_content":false,"footnotes":""},"categories":[109,46],"tags":[2484],"class_list":["post-36658","post","type-post","status-publish","format-standard","has-post-thumbnail","hentry","category-minuto-a-minuto","category-zona-blanca","tag-secretaria-de-movilidad-semovi"],"jetpack_featured_media_url":"https:\/\/zonaroja.com.mx\/wp-content\/uploads\/2022\/01\/Titular-de-Semovi-Arturo-Sorroza.jpeg","jetpack_sharing_enabled":true,"_links":{"self":[{"href":"https:\/\/zonaroja.com.mx\/index.php?rest_route=\/wp\/v2\/posts\/36658","targetHints":{"allow":["GET"]}}],"collection":[{"href":"https:\/\/zonaroja.com.mx\/index.php?rest_route=\/wp\/v2\/posts"}],"about":[{"href":"https:\/\/zonaroja.com.mx\/index.php?rest_route=\/wp\/v2\/types\/post"}],"author":[{"embeddable":true,"href":"https:\/\/zonaroja.com.mx\/index.php?rest_route=\/wp\/v2\/users\/2"}],"replies":[{"embeddable":true,"href":"https:\/\/zonaroja.com.mx\/index.php?rest_route=%2Fwp%2Fv2%2Fcomments&post=36658"}],"version-history":[{"count":1,"href":"https:\/\/zonaroja.com.mx\/index.php?rest_route=\/wp\/v2\/posts\/36658\/revisions"}],"predecessor-version":[{"id":36660,"href":"https:\/\/zonaroja.com.mx\/index.php?rest_route=\/wp\/v2\/posts\/36658\/revisions\/36660"}],"wp:featuredmedia":[{"embeddable":true,"href":"https:\/\/zonaroja.com.mx\/index.php?rest_route=\/wp\/v2\/media\/36659"}],"wp:attachment":[{"href":"https:\/\/zonaroja.com.mx\/index.php?rest_route=%2Fwp%2Fv2%2Fmedia&parent=36658"}],"wp:term":[{"taxonomy":"category","embeddable":true,"href":"https:\/\/zonaroja.com.mx\/index.php?rest_route=%2Fwp%2Fv2%2Fcategories&post=36658"},{"taxonomy":"post_tag","embeddable":true,"href":"https:\/\/zonaroja.com.mx\/index.php?rest_route=%2Fwp%2Fv2%2Ftags&post=36658"}],"curies":[{"name":"wp","href":"https:\/\/api.w.org\/{rel}","templated":true}]}}