{"id":36677,"date":"2022-01-21T08:10:42","date_gmt":"2022-01-21T14:10:42","guid":{"rendered":"http:\/\/www.zonaroja.com.mx\/?p=36677"},"modified":"2022-01-21T08:10:44","modified_gmt":"2022-01-21T14:10:44","slug":"descarta-fiscalia-que-restos-hallados-en-atatlauca-sean-de-irma-galindo","status":"publish","type":"post","link":"https:\/\/zonaroja.com.mx\/?p=36677","title":{"rendered":"Descarta Fiscal\u00eda que restos hallados en Atatlauca sean de Irma Galindo"},"content":{"rendered":"\n<p>Redacci\u00f3n\/Zona Roja.<\/p>\n\n\n\n<p>Oaxaca de Ju\u00e1rez, Oax., 21 de enero de 2022.- La Fiscal\u00eda General del Estado de Oaxaca (FGEO) corrobor\u00f3 anoche que los restos hallados la semana pasada en San Esteban Atatlahuca corresponden a un var\u00f3n y no a Irma Galindo, como se hab\u00eda difundido en redes sociales.<\/p>\n\n\n\n<p>A trav\u00e9s de un comunicado de prensa, precis\u00f3 que la tarde de ayer, los primeros estudios periciales dieron certeza de que los restos \u00f3seos corresponden a una persona del sexo masculino, a pesar de ello, a\u00fan est\u00e1 pendiente establecer la identidad de la v\u00edctima a quien localizaron en la localidad de Mier y Ter\u00e1n, perteneciente al municipio de San Esteban Atatlahuca.<\/p>\n\n\n\n<p>\u201cDerivado de este hallazgo, la FGEO robustece las indagatorias dentro de la Carpeta de Investigaci\u00f3n 33875\/FMIX\/TLAXIACO\/2021, por lo que se realizan los estudios cient\u00edficos a cargo del Instituto de Servicios Periciales para tener certeza jur\u00eddica a partir de las pruebas de gen\u00e9tica\u201d, detall\u00f3.<\/p>\n\n\n\n<p>Agreg\u00f3 que a partir de estos resultados, queda descartado que los restos \u00f3seos correspondan a la activista mixteca Irma Galindo Barrios, de quien existe una ficha de b\u00fasqueda vigente, luego que reportaron que la vieron por \u00faltima vez el 27 de octubre de 2021, en la estaci\u00f3n del metro Barranca del Muerto en la Ciudad de M\u00e9xico.<\/p>\n\n\n\n<p>\u201cDebido a que los datos aportados por los denunciantes ubicaron a Irma Galindo Barrios en la capital del pa\u00eds, la Fiscal\u00eda General del Estado de Oaxaca solicit\u00f3 a la Fiscal\u00eda de Justicia de la Ciudad de M\u00e9xico que atrajera el caso, mediante el oficio emitido el 6 de diciembre de 2021, a partir del cual se estableci\u00f3 una colaboraci\u00f3n con dicha dependencia para dar con su paradero\u201d, agreg\u00f3.<\/p>\n","protected":false},"excerpt":{"rendered":"<p>Redacci\u00f3n\/Zona Roja. Oaxaca de Ju\u00e1rez, Oax., 21 de enero de 2022.- La Fiscal\u00eda General del&hellip;<\/p>\n","protected":false},"author":2,"featured_media":34166,"comment_status":"closed","ping_status":"open","sticky":false,"template":"","format":"standard","meta":{"_lmt_disableupdate":"","_lmt_disable":"","_jetpack_memberships_contains_paid_content":false,"footnotes":""},"categories":[109,47],"tags":[1025],"class_list":["post-36677","post","type-post","status-publish","format-standard","has-post-thumbnail","hentry","category-minuto-a-minuto","category-zona-gris","tag-san-esteban-atatlahuca"],"jetpack_featured_media_url":"https:\/\/zonaroja.com.mx\/wp-content\/uploads\/2021\/11\/Irma-Galindo-Barrios.jpg","jetpack_sharing_enabled":true,"_links":{"self":[{"href":"https:\/\/zonaroja.com.mx\/index.php?rest_route=\/wp\/v2\/posts\/36677","targetHints":{"allow":["GET"]}}],"collection":[{"href":"https:\/\/zonaroja.com.mx\/index.php?rest_route=\/wp\/v2\/posts"}],"about":[{"href":"https:\/\/zonaroja.com.mx\/index.php?rest_route=\/wp\/v2\/types\/post"}],"author":[{"embeddable":true,"href":"https:\/\/zonaroja.com.mx\/index.php?rest_route=\/wp\/v2\/users\/2"}],"replies":[{"embeddable":true,"href":"https:\/\/zonaroja.com.mx\/index.php?rest_route=%2Fwp%2Fv2%2Fcomments&post=36677"}],"version-history":[{"count":1,"href":"https:\/\/zonaroja.com.mx\/index.php?rest_route=\/wp\/v2\/posts\/36677\/revisions"}],"predecessor-version":[{"id":36678,"href":"https:\/\/zonaroja.com.mx\/index.php?rest_route=\/wp\/v2\/posts\/36677\/revisions\/36678"}],"wp:featuredmedia":[{"embeddable":true,"href":"https:\/\/zonaroja.com.mx\/index.php?rest_route=\/wp\/v2\/media\/34166"}],"wp:attachment":[{"href":"https:\/\/zonaroja.com.mx\/index.php?rest_route=%2Fwp%2Fv2%2Fmedia&parent=36677"}],"wp:term":[{"taxonomy":"category","embeddable":true,"href":"https:\/\/zonaroja.com.mx\/index.php?rest_route=%2Fwp%2Fv2%2Fcategories&post=36677"},{"taxonomy":"post_tag","embeddable":true,"href":"https:\/\/zonaroja.com.mx\/index.php?rest_route=%2Fwp%2Fv2%2Ftags&post=36677"}],"curies":[{"name":"wp","href":"https:\/\/api.w.org\/{rel}","templated":true}]}}