{"id":36679,"date":"2022-01-21T08:15:44","date_gmt":"2022-01-21T14:15:44","guid":{"rendered":"http:\/\/www.zonaroja.com.mx\/?p=36679"},"modified":"2022-01-21T08:15:46","modified_gmt":"2022-01-21T14:15:46","slug":"alarman-feminicidios-en-oaxaca-van-siete-en-tres-semanas-de-enero","status":"publish","type":"post","link":"https:\/\/zonaroja.com.mx\/?p=36679","title":{"rendered":"Alarman feminicidios en Oaxaca; van siete en tres semanas de enero"},"content":{"rendered":"\n<p>Redacci\u00f3n\/Zona Roja.<\/p>\n\n\n\n<p>Oaxaca de Ju\u00e1rez, Oax., 21 de enero de 2022.- De acuerdo con el monitoreo de violencia feminicida del GES Mujer, 589&nbsp; ni\u00f1as y mujeres han sido asesinadas de manera violenta en la actual administraci\u00f3n estatal, 374 desde la Declaratoria de Alerta por violencia de g\u00e9nero y siete lamentables casos en lo que va del a\u00f1o.<\/p>\n\n\n\n<p>\u201cCausa una profunda preocupaci\u00f3n, que los siete casos de mujeres que han ocurrido en lo que va el mes de enero, son un reflejo de la problem\u00e1tica que a\u00f1o con a\u00f1o se repite, el 43% de las mujeres hab\u00edan sido reportadas como desaparecidas\u201d, expres\u00f3 el Grupo de Estudios sobre la Mujer \u201cRosario Castellanos\u201d (GES Mujer)<\/p>\n\n\n\n<p>A\u00f1adi\u00f3 que ese contexto obliga a cuestionar la correcta aplicaci\u00f3n del protocolo de b\u00fasqueda de ni\u00f1as y mujeres desaparecidas, as\u00ed como la falta de coordinaci\u00f3n entre las instancias de procuraci\u00f3n e impartici\u00f3n de justicia.<\/p>\n\n\n\n<p>Detall\u00f3 que en el 56% de casos, los cuerpos de las v\u00edctimas fueron localizados en poblados lejanos, en un canal de agua o barranco, mujeres a quienes no solo les arrebataron la vida sino que en un acto de violencia machista y mis\u00f3gina abandonan sus cuerpos bajo el amparo de la impunidad que prevalece en Oaxaca.<\/p>\n\n\n\n<p>Al concluir el 2021 e iniciar el 2022, dos mujeres embarazadas fueron v\u00edctimas de feminicidio, fueron asesinadas de manera violenta y sus cuerpos fueron abandonados.<\/p>\n\n\n\n<p>\u201cLo que refuerza la urgencia de&nbsp; incorporar la perspectiva de g\u00e9nero, tanto a nivel de identificaci\u00f3n del nivel de riesgo de violencia feminicida que viven las mujeres durante el embarazo, dado que en esta etapa se agrava la violencia, as\u00ed como en las carpetas de investigaci\u00f3n por el delito de feminicidio.<\/p>\n\n\n\n<p>\u201cEs una se\u00f1al de alarma que, en menos de un mes se hayan presentado dos casos con similares caracter\u00edsticas y que es necesario visibilizar\u201d, detall\u00f3.<\/p>\n\n\n\n<p>GES Mujer expuso que la prevenci\u00f3n del delito de feminicidio requiere atender la problem\u00e1tica de manera estrat\u00e9gica, pues cada ni\u00f1a y mujer asesinada de manera violenta causa dolor e indignaci\u00f3n en las familias y en la sociedad.<\/p>\n\n\n\n<p>Por ello es urgente que las instituciones realicen el mapeo de los delitos cometidos en contra de las mujeres, particularmente feminicidios, homicidios culposos, violencia sexual, desapariciones de ni\u00f1as y mujeres y sus tentativas, a fin de focalizar pol\u00edticas p\u00fablicas de prevenci\u00f3n.<\/p>\n","protected":false},"excerpt":{"rendered":"<p>Redacci\u00f3n\/Zona Roja. Oaxaca de Ju\u00e1rez, Oax., 21 de enero de 2022.- De acuerdo con el&hellip;<\/p>\n","protected":false},"author":2,"featured_media":34292,"comment_status":"closed","ping_status":"open","sticky":false,"template":"","format":"standard","meta":{"_lmt_disableupdate":"","_lmt_disable":"","_jetpack_memberships_contains_paid_content":false,"footnotes":""},"categories":[109,47],"tags":[524],"class_list":["post-36679","post","type-post","status-publish","format-standard","has-post-thumbnail","hentry","category-minuto-a-minuto","category-zona-gris","tag-ges-mujer"],"jetpack_featured_media_url":"https:\/\/zonaroja.com.mx\/wp-content\/uploads\/2021\/11\/Mujer-asesinada-feminicidio-violencia-3.jpg","jetpack_sharing_enabled":true,"_links":{"self":[{"href":"https:\/\/zonaroja.com.mx\/index.php?rest_route=\/wp\/v2\/posts\/36679","targetHints":{"allow":["GET"]}}],"collection":[{"href":"https:\/\/zonaroja.com.mx\/index.php?rest_route=\/wp\/v2\/posts"}],"about":[{"href":"https:\/\/zonaroja.com.mx\/index.php?rest_route=\/wp\/v2\/types\/post"}],"author":[{"embeddable":true,"href":"https:\/\/zonaroja.com.mx\/index.php?rest_route=\/wp\/v2\/users\/2"}],"replies":[{"embeddable":true,"href":"https:\/\/zonaroja.com.mx\/index.php?rest_route=%2Fwp%2Fv2%2Fcomments&post=36679"}],"version-history":[{"count":1,"href":"https:\/\/zonaroja.com.mx\/index.php?rest_route=\/wp\/v2\/posts\/36679\/revisions"}],"predecessor-version":[{"id":36680,"href":"https:\/\/zonaroja.com.mx\/index.php?rest_route=\/wp\/v2\/posts\/36679\/revisions\/36680"}],"wp:featuredmedia":[{"embeddable":true,"href":"https:\/\/zonaroja.com.mx\/index.php?rest_route=\/wp\/v2\/media\/34292"}],"wp:attachment":[{"href":"https:\/\/zonaroja.com.mx\/index.php?rest_route=%2Fwp%2Fv2%2Fmedia&parent=36679"}],"wp:term":[{"taxonomy":"category","embeddable":true,"href":"https:\/\/zonaroja.com.mx\/index.php?rest_route=%2Fwp%2Fv2%2Fcategories&post=36679"},{"taxonomy":"post_tag","embeddable":true,"href":"https:\/\/zonaroja.com.mx\/index.php?rest_route=%2Fwp%2Fv2%2Ftags&post=36679"}],"curies":[{"name":"wp","href":"https:\/\/api.w.org\/{rel}","templated":true}]}}