{"id":3668,"date":"2019-09-04T11:02:59","date_gmt":"2019-09-04T16:02:59","guid":{"rendered":"https:\/\/www.zonaroja.com.mx\/?p=3668"},"modified":"2019-09-04T20:19:24","modified_gmt":"2019-09-05T01:19:24","slug":"tuxtepec-de-nuevo-otro-ejecutado-por-decimo-dia-consecutivo","status":"publish","type":"post","link":"https:\/\/zonaroja.com.mx\/?p=3668","title":{"rendered":"Tuxtepec de nuevo: otro ejecutado, por d\u00e9cimo d\u00eda consecutivo"},"content":{"rendered":"\n<p>Redacci\u00f3n\/Zona Roja. <\/p>\n\n\n\n<p>Oaxaca de Ju\u00e1rez, Oax., 4 de septiembre de 2019.- Por d\u00e9cimo d\u00eda consecutivo, una persona fue ejecutada a balazos en San Juan Bautista Tuxtepec. <\/p>\n\n\n\n<p>De acuerdo con los primeros informes policiacos, el crimen ocurri\u00f3 en Un taller mec\u00e1nico de una calle de la comunidad de Papaloapan, donde fue hallado en cuerpo con varios impactos de arma de fuego. <\/p>\n\n\n\n<p>Hasta el momento la v\u00edctima no ha sido identificada de forma oficial. <\/p>\n\n\n\n<p>Por otra parten en la v\u00eda p\u00fablica de una calle de la colonia Yal\u00e1lag, del municipio de Santa Luc\u00eda del Camino, fue localizado el cad\u00e1ver de un individuo, presuntamente indigente. <\/p>\n\n\n\n<p>Personal de la Fiscal\u00eda General del Estado de Oaxaca arrib\u00f3 al lugar para indagar los hechos; de manera extraoficial se inform\u00f3 que era un bebedor consuetudinario. <\/p>\n","protected":false},"excerpt":{"rendered":"<p>Redacci\u00f3n\/Zona Roja. Oaxaca de Ju\u00e1rez, Oax., 4 de septiembre de 2019.- Por d\u00e9cimo d\u00eda consecutivo,&hellip;<\/p>\n","protected":false},"author":2,"featured_media":3667,"comment_status":"closed","ping_status":"open","sticky":false,"template":"","format":"standard","meta":{"_lmt_disableupdate":"","_lmt_disable":"","_jetpack_memberships_contains_paid_content":false,"footnotes":""},"categories":[456,109],"tags":[118],"class_list":["post-3668","post","type-post","status-publish","format-standard","has-post-thumbnail","hentry","category-columna","category-minuto-a-minuto","tag-san-juan-bautista-tuxtepec"],"jetpack_featured_media_url":"https:\/\/zonaroja.com.mx\/wp-content\/uploads\/2019\/09\/img_4768.jpg","jetpack_sharing_enabled":true,"_links":{"self":[{"href":"https:\/\/zonaroja.com.mx\/index.php?rest_route=\/wp\/v2\/posts\/3668","targetHints":{"allow":["GET"]}}],"collection":[{"href":"https:\/\/zonaroja.com.mx\/index.php?rest_route=\/wp\/v2\/posts"}],"about":[{"href":"https:\/\/zonaroja.com.mx\/index.php?rest_route=\/wp\/v2\/types\/post"}],"author":[{"embeddable":true,"href":"https:\/\/zonaroja.com.mx\/index.php?rest_route=\/wp\/v2\/users\/2"}],"replies":[{"embeddable":true,"href":"https:\/\/zonaroja.com.mx\/index.php?rest_route=%2Fwp%2Fv2%2Fcomments&post=3668"}],"version-history":[{"count":1,"href":"https:\/\/zonaroja.com.mx\/index.php?rest_route=\/wp\/v2\/posts\/3668\/revisions"}],"predecessor-version":[{"id":3669,"href":"https:\/\/zonaroja.com.mx\/index.php?rest_route=\/wp\/v2\/posts\/3668\/revisions\/3669"}],"wp:featuredmedia":[{"embeddable":true,"href":"https:\/\/zonaroja.com.mx\/index.php?rest_route=\/wp\/v2\/media\/3667"}],"wp:attachment":[{"href":"https:\/\/zonaroja.com.mx\/index.php?rest_route=%2Fwp%2Fv2%2Fmedia&parent=3668"}],"wp:term":[{"taxonomy":"category","embeddable":true,"href":"https:\/\/zonaroja.com.mx\/index.php?rest_route=%2Fwp%2Fv2%2Fcategories&post=3668"},{"taxonomy":"post_tag","embeddable":true,"href":"https:\/\/zonaroja.com.mx\/index.php?rest_route=%2Fwp%2Fv2%2Ftags&post=3668"}],"curies":[{"name":"wp","href":"https:\/\/api.w.org\/{rel}","templated":true}]}}