{"id":36681,"date":"2022-01-21T08:27:36","date_gmt":"2022-01-21T14:27:36","guid":{"rendered":"http:\/\/www.zonaroja.com.mx\/?p=36681"},"modified":"2022-01-21T08:27:38","modified_gmt":"2022-01-21T14:27:38","slug":"libra-fgr-orden-de-aprehension-contra-ines-gomez-mont-y-seis-mas","status":"publish","type":"post","link":"https:\/\/zonaroja.com.mx\/?p=36681","title":{"rendered":"Libra FGR orden de aprehensi\u00f3n contra In\u00e9s G\u00f3mez Mont y seis m\u00e1s"},"content":{"rendered":"\n<p>Redacci\u00f3n\/Zona Roja Cdmx.<\/p>\n\n\n\n<p>Ciudad de M\u00e9xico, 21 de enero de 2022.- Este jueves 20 de enero se dio a conocer que la Fiscal\u00eda General de la Rep\u00fablica (FGR) inici\u00f3 una carpeta de investigaci\u00f3n contra la ex conductora In\u00e9s G\u00f3mez Mont y otras 6 personas por delincuencia organizada y operaci\u00f3n con recursos de procedencia il\u00edcita.<\/p>\n\n\n\n<p>En noviembre de 2019, la Fiscal\u00eda General de la Rep\u00fablica (FGR), a trav\u00e9s de la Fiscal\u00eda Especializada en materia de Delincuencia Organizada (FEMDO), inici\u00f3 carpeta de investigaci\u00f3n en contra de V\u00edctor Manuel \u201cA\u201d, In\u00e9s \u201cG\u201d, Edgardo Mauricio \u201cV\u201d, Rosario \u201cA\u201d, Margarita \u201cC\u201d, Ricardo \u201cP\u201d, Mauricio \u201cR\u201d y siete empresas, por su posible participaci\u00f3n en delincuencia organizada y operaciones con recursos de procedencia il\u00edcita.<\/p>\n\n\n\n<p>Todas estas personas, f\u00edsicas y morales, probablemente se coludieron para simular operaciones y dotar de recursos a esa organizaci\u00f3n criminal; bajando cargas tributarias y ocultando operaciones, dificultando, de esa manera, el rastreo de esos recursos.<\/p>\n\n\n\n<p>Para cumplir dicho objetivo, presuntamente celebraban diversos contratos con el \u00d3rgano Administrativo Desconcentrado de Prevenci\u00f3n y Readaptaci\u00f3n Social de la Secretar\u00eda de Gobernaci\u00f3n, utilizando comprobantes fiscales digitales por internet, que encubr\u00edan operaciones falsas y aparentaban actos de comercio y prestaci\u00f3n de servicios que no se realizaban; todo ello con la finalidad de lavar dinero, disfrazando dichos delitos de ganancias l\u00edcitas que eran inexistentes.<\/p>\n\n\n\n<p>La organizaci\u00f3n principal estaba a cargo de V\u00edctor Manuel \u201cA\u201d e In\u00e9s \u201cG\u201d, que operaban con supuestos representantes de personas morales. Durante la investigaci\u00f3n se pudo obtener la informaci\u00f3n de que exist\u00eda un grupo&nbsp; formado por H\u00e9ctor \u201cZ\u201d, Armando \u201cR\u201d, Jos\u00e9 \u201cO\u201d, Ricardo \u201cC\u201d, Yareli \u201cC\u201d, quienes realizaban las operaciones bancarias a nombre de personas morales.<\/p>\n\n\n\n<p>El siguiente grupo, integrado por servidores p\u00fablicos, fueron los que facilitaron ilegalmente los recursos del erario federal, celebrando contratos ilegales; y en esa estructura se encontraron a Eduardo \u201cG\u201d, Paulo \u201cU\u201d, Emanuel \u201cC\u201d, Jes\u00fas \u201cP\u201d y Jorge \u201cN\u201d.<\/p>\n\n\n\n<p>Cada una de esas c\u00e9lulas se integraba con las otras para realizar, de esa manera, los delitos que se persiguen.<\/p>\n\n\n\n<p>En el caso de una de las empresa que intervinieron y que se hallaba representada por su apoderado H\u00e9ctor \u201cZ\u201d, dicha persona moral recibi\u00f3 m\u00e1s de 2 mil 500 millones de pesos, en la probable comisi\u00f3n de los delitos ya referidos.<\/p>\n\n\n\n<p>Es fundamental en esta investigaci\u00f3n se\u00f1alar dos contratos con los Centros Federales de Readaptaci\u00f3n Social, por 2 mil 950 millones de pesos.<\/p>\n\n\n\n<p>Sobre la participaci\u00f3n de Gabriel \u201cM\u201d, dicha persona figur\u00f3 como accionista de una de las empresas investigadas; y, como producto de la indagatoria, se logr\u00f3 establecer que, mediante acta de asamblea de accionistas debidamente legalizada, vendi\u00f3&nbsp; sus acciones de la empresa, en tiempo anterior al inicio de las operaciones delictivas. El caso se seguir\u00e1 investigando.<\/p>\n\n\n\n<p>A los principales responsables de la probable comisi\u00f3n de estos delitos, se les ha imputado ante el Poder Judicial y se han obtenido las \u00f3rdenes de aprehensi\u00f3n correspondientes; y tres de ellos ya se encuentran recluidos en los centros federales de justicia penal.&nbsp; En los casos de quienes huyeron del pa\u00eds, se ha obtenido la ficha roja correspondiente y se est\u00e1 en espera de la respuesta de colaboraci\u00f3n de nivel internacional.<\/p>\n\n\n\n<p>Este 18 de enero fue el cumplea\u00f1os de los trillizos de In\u00e9s G\u00f3mez Mont, quienes se desconoce d\u00f3nde se encuentran, ya que la conductora est\u00e1 pr\u00f3fuga de la justicia junto a su esposo V\u00edctor \u00c1lvarez Puga. Los peque\u00f1os no pudieron celebrar con una lujosa fiesta como a\u00f1os anteriores.<\/p>\n\n\n\n<p>La presentadora de televisi\u00f3n tuvo un primer matrimonio con Javier D\u00edaz, un empresario dedicado a los bares, antros y restaurantes. La estrella de Tv Azteca se cas\u00f3 en 2008 y tuvieron cuatro hijos: Inesita y los trillizos Bruno, Diego y Javier. Sin embargo, la pareja se divorci\u00f3 en 2013 y los menores quedaron al cuidado de su madre.<\/p>\n\n\n\n<p>Cuando la FGR inform\u00f3 que la Interpol buscaba a In\u00e9s G\u00f3mez Mont, se destap\u00f3 que la familia D\u00edaz estaba buscando quedarse con la custodia de los cuatro peque\u00f1os.<\/p>\n\n\n\n<p>(Informaci\u00f3n de \u00abEl Heraldo de M\u00e9xico\u00bb)<\/p>\n","protected":false},"excerpt":{"rendered":"<p>Redacci\u00f3n\/Zona Roja Cdmx. Ciudad de M\u00e9xico, 21 de enero de 2022.- Este jueves 20 de&hellip;<\/p>\n","protected":false},"author":2,"featured_media":36682,"comment_status":"closed","ping_status":"open","sticky":false,"template":"","format":"standard","meta":{"_lmt_disableupdate":"","_lmt_disable":"","_jetpack_memberships_contains_paid_content":false,"footnotes":""},"categories":[109,47],"tags":[],"class_list":["post-36681","post","type-post","status-publish","format-standard","has-post-thumbnail","hentry","category-minuto-a-minuto","category-zona-gris"],"jetpack_featured_media_url":"https:\/\/zonaroja.com.mx\/wp-content\/uploads\/2022\/01\/Ines-Gomez-Mont.jpg","jetpack_sharing_enabled":true,"_links":{"self":[{"href":"https:\/\/zonaroja.com.mx\/index.php?rest_route=\/wp\/v2\/posts\/36681","targetHints":{"allow":["GET"]}}],"collection":[{"href":"https:\/\/zonaroja.com.mx\/index.php?rest_route=\/wp\/v2\/posts"}],"about":[{"href":"https:\/\/zonaroja.com.mx\/index.php?rest_route=\/wp\/v2\/types\/post"}],"author":[{"embeddable":true,"href":"https:\/\/zonaroja.com.mx\/index.php?rest_route=\/wp\/v2\/users\/2"}],"replies":[{"embeddable":true,"href":"https:\/\/zonaroja.com.mx\/index.php?rest_route=%2Fwp%2Fv2%2Fcomments&post=36681"}],"version-history":[{"count":1,"href":"https:\/\/zonaroja.com.mx\/index.php?rest_route=\/wp\/v2\/posts\/36681\/revisions"}],"predecessor-version":[{"id":36683,"href":"https:\/\/zonaroja.com.mx\/index.php?rest_route=\/wp\/v2\/posts\/36681\/revisions\/36683"}],"wp:featuredmedia":[{"embeddable":true,"href":"https:\/\/zonaroja.com.mx\/index.php?rest_route=\/wp\/v2\/media\/36682"}],"wp:attachment":[{"href":"https:\/\/zonaroja.com.mx\/index.php?rest_route=%2Fwp%2Fv2%2Fmedia&parent=36681"}],"wp:term":[{"taxonomy":"category","embeddable":true,"href":"https:\/\/zonaroja.com.mx\/index.php?rest_route=%2Fwp%2Fv2%2Fcategories&post=36681"},{"taxonomy":"post_tag","embeddable":true,"href":"https:\/\/zonaroja.com.mx\/index.php?rest_route=%2Fwp%2Fv2%2Ftags&post=36681"}],"curies":[{"name":"wp","href":"https:\/\/api.w.org\/{rel}","templated":true}]}}