{"id":36684,"date":"2022-01-21T17:43:06","date_gmt":"2022-01-21T23:43:06","guid":{"rendered":"http:\/\/www.zonaroja.com.mx\/?p=36684"},"modified":"2022-01-21T17:43:51","modified_gmt":"2022-01-21T23:43:51","slug":"avala-juez-medida-de-proteccion-de-la-fiscalia-a-favor-de-adolescente-violada","status":"publish","type":"post","link":"https:\/\/zonaroja.com.mx\/?p=36684","title":{"rendered":"Avala juez medida de protecci\u00f3n de la Fiscal\u00eda a favor de adolescente violada"},"content":{"rendered":"\n<p>Ismael Garc\u00eda M.\/Zona Roja.<\/p>\n\n\n\n<p>Oaxaca de Ju\u00e1rez, Oax., 21 de enero de 2022.- El Juez de Control de Pinotepa Nacional ratific\u00f3 hoy como legal la medida brindada por la Fiscal\u00eda General del Estado de Oaxaca a una menor de edad v\u00edctima de violaci\u00f3n y probable trata de personas.<\/p>\n\n\n\n<p>De acuerdo con informaci\u00f3n oficial preliminar, el juzgador consider\u00f3 adecuado la medida de separaci\u00f3n de la v\u00edctima y su hijo menor de edad, del domicilio; asimismo, manifest\u00f3 que fue correcta la decisi\u00f3n de la autoridad ministerial de otorgar tambi\u00e9n la medida de traslado a refugio o albergue temporal.<\/p>\n\n\n\n<p>Se trata de la adolescente G. Q. R., originaria de San Juan Colorado, municipio de la regi\u00f3n de la Costa, quien tras dar a luz a su beb\u00e9, fue protegida por la autoridad ministerial, con pleno conocimiento de sus familiares.<\/p>\n\n\n\n<p>El juez determin\u00f3 asimismo que se brinden las \u00f3rdenes de protecci\u00f3n consistentes en proporcionar alojamiento a la menor y su hija, as\u00ed como brindar apoyo econ\u00f3mico para los alimentos.<\/p>\n\n\n\n<p>En tanto, el Ministerio P\u00fablico de la Fiscal\u00eda General cuenta con 60 d\u00edas para la vigencia de la medida y que se contin\u00fae con la investigaci\u00f3n para en su momento determinar lo procedente o en su caso ampliar el t\u00e9rmino.<\/p>\n\n\n\n<p>Adem\u00e1s, determin\u00f3 que el lugar donde se encuentra la menor sea informaci\u00f3n confidencial y se design\u00f3 como representante sustituta a una abogada.<\/p>\n\n\n\n<p>De acuerdo con la Fiscal\u00eda General del Estado, atendiendo el Inter\u00e9s Superior de la Ni\u00f1ez, da puntual seguimiento al caso, con perspectiva de g\u00e9nero, infancia y adolescencia.<\/p>\n\n\n\n<p>Seg\u00fan inform\u00f3 en un reciente comunicado, el 19 de enero de 2022, salvaguardando la integridad f\u00edsica de la v\u00edctima y el beb\u00e9, se realiz\u00f3 el traslado de ambas menores de edad a la sede del Centro de Justicia para Mujeres (CEJUM) de Oaxaca de Ju\u00e1rez.<\/p>\n\n\n\n<p>Detall\u00f3 que en todo momento existi\u00f3 comunicaci\u00f3n con los familiares de la adolescente, a quienes se les dio a conocer el traslado, siendo el ciudadano R. Q. M. (t\u00edo de la v\u00edctima) quien le dio acompa\u00f1amiento.<\/p>\n\n\n\n<p>En el CEJUM, un equipo interdisciplinario brinda atenci\u00f3n integral y servicios subsecuentes a las v\u00edctimas directas.<\/p>\n\n\n\n<p>Asimismo, que a partir de las primeras investigaciones de la FGEO se eval\u00faan los hechos a trav\u00e9s de la ciencia jur\u00eddica para determinar si este hecho constituye el delito de trata de persona.<\/p>\n","protected":false},"excerpt":{"rendered":"<p>Ismael Garc\u00eda M.\/Zona Roja. Oaxaca de Ju\u00e1rez, Oax., 21 de enero de 2022.- El Juez&hellip;<\/p>\n","protected":false},"author":2,"featured_media":36685,"comment_status":"closed","ping_status":"open","sticky":false,"template":"","format":"standard","meta":{"_lmt_disableupdate":"","_lmt_disable":"","_jetpack_memberships_contains_paid_content":false,"footnotes":""},"categories":[109,47],"tags":[3005,1878],"class_list":["post-36684","post","type-post","status-publish","format-standard","has-post-thumbnail","hentry","category-minuto-a-minuto","category-zona-gris","tag-getsemani-q-r","tag-san-juan-colorado"],"jetpack_featured_media_url":"https:\/\/zonaroja.com.mx\/wp-content\/uploads\/2022\/01\/Getsemani-Quiroz-Jarcia-San-Juan-Colorado.jpg","jetpack_sharing_enabled":true,"_links":{"self":[{"href":"https:\/\/zonaroja.com.mx\/index.php?rest_route=\/wp\/v2\/posts\/36684","targetHints":{"allow":["GET"]}}],"collection":[{"href":"https:\/\/zonaroja.com.mx\/index.php?rest_route=\/wp\/v2\/posts"}],"about":[{"href":"https:\/\/zonaroja.com.mx\/index.php?rest_route=\/wp\/v2\/types\/post"}],"author":[{"embeddable":true,"href":"https:\/\/zonaroja.com.mx\/index.php?rest_route=\/wp\/v2\/users\/2"}],"replies":[{"embeddable":true,"href":"https:\/\/zonaroja.com.mx\/index.php?rest_route=%2Fwp%2Fv2%2Fcomments&post=36684"}],"version-history":[{"count":2,"href":"https:\/\/zonaroja.com.mx\/index.php?rest_route=\/wp\/v2\/posts\/36684\/revisions"}],"predecessor-version":[{"id":36687,"href":"https:\/\/zonaroja.com.mx\/index.php?rest_route=\/wp\/v2\/posts\/36684\/revisions\/36687"}],"wp:featuredmedia":[{"embeddable":true,"href":"https:\/\/zonaroja.com.mx\/index.php?rest_route=\/wp\/v2\/media\/36685"}],"wp:attachment":[{"href":"https:\/\/zonaroja.com.mx\/index.php?rest_route=%2Fwp%2Fv2%2Fmedia&parent=36684"}],"wp:term":[{"taxonomy":"category","embeddable":true,"href":"https:\/\/zonaroja.com.mx\/index.php?rest_route=%2Fwp%2Fv2%2Fcategories&post=36684"},{"taxonomy":"post_tag","embeddable":true,"href":"https:\/\/zonaroja.com.mx\/index.php?rest_route=%2Fwp%2Fv2%2Ftags&post=36684"}],"curies":[{"name":"wp","href":"https:\/\/api.w.org\/{rel}","templated":true}]}}