{"id":36688,"date":"2022-01-21T18:44:51","date_gmt":"2022-01-22T00:44:51","guid":{"rendered":"http:\/\/www.zonaroja.com.mx\/?p=36688"},"modified":"2022-01-21T18:44:54","modified_gmt":"2022-01-22T00:44:54","slug":"insiste-pan-que-va-solo-por-la-gubernatura-de-oaxaca","status":"publish","type":"post","link":"https:\/\/zonaroja.com.mx\/?p=36688","title":{"rendered":"Insiste PAN que va solo por la gubernatura de Oaxaca"},"content":{"rendered":"\n<p>Yuridiana Sosa\/Zona Roja.<\/p>\n\n\n\n<p>Oaxaca de Ju\u00e1rez, Oax., 21 de enero de 2022.- El Partido Acci\u00f3n Nacional (PAN) reiter\u00f3 que para la elecci\u00f3n de la gubernatura en Oaxaca, participar\u00e1 sin alianzas con otros partidos, pues \u201chay con qu\u00e9 y con qui\u00e9nes\u201d para competir.<\/p>\n\n\n\n<p>El presidente nacional del instituto pol\u00edtico, Marko Cort\u00e9s Mendoza, apunt\u00f3 en conferencia de prensa desde la capital oaxaque\u00f1a, que su partido tambi\u00e9n est\u00e1 dispuesto a contender por medio de una candidatura com\u00fan, siempre y cuando el blanquiazul la encabece.<\/p>\n\n\n\n<p>En compa\u00f1\u00eda de militantes y l\u00edderes del PAN en Oaxaca, as\u00ed como de los precandidatos a la gubernatura, Natividad D\u00edaz Jim\u00e9nez, Carlos Moreno Alc\u00e1ntara y Gerardo Garc\u00eda Henestroza, Cort\u00e9s Mendoza afirm\u00f3 que \u201cest\u00e1n listos para ir solos en esta contienda\u201d, como no lo hac\u00edan desde hace 18 a\u00f1os en un proceso electoral.<\/p>\n\n\n\n<p>El acuerdo para Oaxaca se tom\u00f3 en equipo entre el Comit\u00e9 Nacional, Estatal y los aspirantes a la candidatura, quienes se comprometieron a cerrar filas y apoyar a quien sea elegido para enfrentar este proceso.<\/p>\n\n\n\n<figure class=\"wp-block-embed is-type-rich is-provider-twitter wp-block-embed-twitter\"><div class=\"wp-block-embed__wrapper\">\n<div class=\"twitter-tweet\"><blockquote class=\"twitter-tweet\" data-lang=\"es\"><p lang=\"es\" dir=\"ltr\"><a href=\"https:\/\/twitter.com\/hashtag\/ENVIVO?src=hash&amp;ref_src=twsrc%5Etfw\">#ENVIVO<\/a><br>Oaxaca de Ju\u00e1rez, Oax., 21 de enero de 2021.- Conferencia de prensa del presidente del Partido Acci\u00f3n Nacional (PAN), Marko Cort\u00e9s, y prefabricados a la gubernatura.<br>Aqu\u00ed la transmisi\u00f3n:<br>\ud83d\udc47<a href=\"https:\/\/t.co\/ryqLN5VhOp\">https:\/\/t.co\/ryqLN5VhOp<\/a> <a href=\"https:\/\/t.co\/2t4tM9md5o\">pic.twitter.com\/2t4tM9md5o<\/a><\/p>&mdash; Zona Roja Oaxaca (@Zona_Roja_Oax) <a href=\"https:\/\/twitter.com\/Zona_Roja_Oax\/status\/1484610310992498693?ref_src=twsrc%5Etfw\">21 de enero de 2022<\/a><\/blockquote><\/div>\n<\/div><\/figure>\n\n\n\n<p>Aunque en esta entidad existe un alto grado de aprobaci\u00f3n al gobierno del presidente Andr\u00e9s Manuel L\u00f3pez Obrador, emanado de Morena, el l\u00edder del PAN apost\u00f3 en que su partido obtendr\u00e1 el beneficio de la poblaci\u00f3n, as\u00ed como en los otros cinco estados donde habr\u00e1 elecciones a gobernador.<\/p>\n\n\n\n<p>\u201cYa no queremos m\u00e1s de lo mismo, ni que vengan los p\u00e9simos, ni los destructivos gobiernos morenistas, la alternativa del mejor gobierno es Acci\u00f3n Nacional\u201d, sostuvo con optimismo el presidente del PAN.<\/p>\n\n\n\n<p>Apenas este jueves, los partidos PAN, Nueva Alianza y el Partido de la Revoluci\u00f3n Democr\u00e1tica (PRD), ofrecieron en conjunta una conferencia de prensa donde informaron el inter\u00e9s com\u00fan para definir un m\u00e9todo y construir una candidatura com\u00fan respetando la identidad y proceso interno de cada Instituto pol\u00edtico.<\/p>\n\n\n\n<p>Sin embargo, Nueva Alianza como PAN han manifestado que aceptar\u00e1n la candidatura com\u00fan s\u00f3lo si su candidato o candidata es quien encabece el proyecto.<\/p>\n","protected":false},"excerpt":{"rendered":"<p>Yuridiana Sosa\/Zona Roja. Oaxaca de Ju\u00e1rez, Oax., 21 de enero de 2022.- El Partido Acci\u00f3n&hellip;<\/p>\n","protected":false},"author":2,"featured_media":36689,"comment_status":"closed","ping_status":"open","sticky":false,"template":"","format":"standard","meta":{"_lmt_disableupdate":"","_lmt_disable":"","_jetpack_memberships_contains_paid_content":false,"footnotes":""},"categories":[109,46],"tags":[2659],"class_list":["post-36688","post","type-post","status-publish","format-standard","has-post-thumbnail","hentry","category-minuto-a-minuto","category-zona-blanca","tag-marko-cortes-mendoza"],"jetpack_featured_media_url":"https:\/\/zonaroja.com.mx\/wp-content\/uploads\/2022\/01\/Conferencia-PAN-Marko-Cortes.jpg","jetpack_sharing_enabled":true,"_links":{"self":[{"href":"https:\/\/zonaroja.com.mx\/index.php?rest_route=\/wp\/v2\/posts\/36688","targetHints":{"allow":["GET"]}}],"collection":[{"href":"https:\/\/zonaroja.com.mx\/index.php?rest_route=\/wp\/v2\/posts"}],"about":[{"href":"https:\/\/zonaroja.com.mx\/index.php?rest_route=\/wp\/v2\/types\/post"}],"author":[{"embeddable":true,"href":"https:\/\/zonaroja.com.mx\/index.php?rest_route=\/wp\/v2\/users\/2"}],"replies":[{"embeddable":true,"href":"https:\/\/zonaroja.com.mx\/index.php?rest_route=%2Fwp%2Fv2%2Fcomments&post=36688"}],"version-history":[{"count":1,"href":"https:\/\/zonaroja.com.mx\/index.php?rest_route=\/wp\/v2\/posts\/36688\/revisions"}],"predecessor-version":[{"id":36690,"href":"https:\/\/zonaroja.com.mx\/index.php?rest_route=\/wp\/v2\/posts\/36688\/revisions\/36690"}],"wp:featuredmedia":[{"embeddable":true,"href":"https:\/\/zonaroja.com.mx\/index.php?rest_route=\/wp\/v2\/media\/36689"}],"wp:attachment":[{"href":"https:\/\/zonaroja.com.mx\/index.php?rest_route=%2Fwp%2Fv2%2Fmedia&parent=36688"}],"wp:term":[{"taxonomy":"category","embeddable":true,"href":"https:\/\/zonaroja.com.mx\/index.php?rest_route=%2Fwp%2Fv2%2Fcategories&post=36688"},{"taxonomy":"post_tag","embeddable":true,"href":"https:\/\/zonaroja.com.mx\/index.php?rest_route=%2Fwp%2Fv2%2Ftags&post=36688"}],"curies":[{"name":"wp","href":"https:\/\/api.w.org\/{rel}","templated":true}]}}