{"id":36691,"date":"2022-01-21T20:04:03","date_gmt":"2022-01-22T02:04:03","guid":{"rendered":"http:\/\/www.zonaroja.com.mx\/?p=36691"},"modified":"2022-01-21T20:04:06","modified_gmt":"2022-01-22T02:04:06","slug":"amonesta-tribunal-a-actual-edil-de-zaachila-y-a-morena-por-usar-a-ninos","status":"publish","type":"post","link":"https:\/\/zonaroja.com.mx\/?p=36691","title":{"rendered":"Amonesta Tribunal a actual edil de Zaachila y a Morena por usar a ni\u00f1os"},"content":{"rendered":"\n<p>Redacci\u00f3n\/Zona Roja.<\/p>\n\n\n\n<p>Oaxaca de Ju\u00e1rez, Oaxaca a 21 de enero de 2021.- El pleno del Tribunal Electoral del Estado de Oaxaca (TEEO) amonest\u00f3 a Carlos Rigoberto Chac\u00f3n P\u00e9rez, otrora candidato a presidente municipal &#8211;actual&#8211; de la Villa de Zaachila y al partido pol\u00edtico que lo postul\u00f3, Morena, por el uso indebido de la imagen de menores de edad en su propaganda del proceso electoral 2021.<\/p>\n\n\n\n<p>Las magistradas y el magistrado de este \u00d3rgano Jurisdiccional argumentaron en la resoluci\u00f3n del Procedimiento Especial Sancionador identificado con la clave: PES\/168\/2021, que los denunciados no acreditaron haber cumplido con los requisitos para la inclusi\u00f3n de la imagen de menores de edad en su propaganda, es decir, el consentimiento por escrito de quien ejerce la patria potestad y la opini\u00f3n informada de la ni\u00f1a, ni\u00f1o o adolescente.<\/p>\n\n\n\n<p>En la red social Facebook se public\u00f3 un video que promueve a Chac\u00f3n P\u00e9rez, el cual cumple con las caracter\u00edsticas propias de propaganda electoral, pues aparece el nombre e imagen del denunciado, el partido pol\u00edtico por el que contendi\u00f3 y la solicitud expresa que votaran por \u00e9l como una opci\u00f3n pol\u00edtica.<\/p>\n\n\n\n<p>De an\u00e1lisis hecho a este promocional, el TEEO determin\u00f3 que en el video se aprecian dos momentos, en los cuales, se exponen las im\u00e1genes de un ni\u00f1o y una ni\u00f1a, sin que se hubiere difuminado su imagen o se hubieran tomado las medidas para hacer irreconocible su identidad, como lo ha expuesto la Sala Superior del Tribunal Electoral del Poder Judicial de la Federaci\u00f3n.<\/p>\n\n\n\n<p>Refiri\u00f3 que el ciudadano denunciado argument\u00f3 que no reconoc\u00eda el perfil que se le atribu\u00eda y que tampoco contaba con un perfil en la red social referida, adem\u00e1s de que no realiz\u00f3 por ning\u00fan medio propaganda pol\u00edtica a trav\u00e9s de ni\u00f1os, ni\u00f1as o adolescentes; por su parte, Morena expuso que la denunciante debi\u00f3 demostrar que la p\u00e1gina donde se public\u00f3 la propaganda referida pertenec\u00eda indubitablemente a Carlos Rigoberto Chac\u00f3n P\u00e9rez.<\/p>\n\n\n\n<p>Sin embargo, aclara esta sentencia,&nbsp; los denunciados tampoco hicieron el deslinde correspondiente una vez que tuvieron conocimiento del video, ya que estos tienen un deber de cuidado respecto de las conductas que realizan terceras personas, m\u00e1xime que, como se dijo, tuvieron oportunidad de realizar todas las acciones tendentes a producir un deslinde efectivo de la propaganda, lo que en el caso no se realiz\u00f3.<\/p>\n\n\n\n<p>En estas circunstancias, el pleno clasific\u00f3 como leve la falta atribuida a Carlos Rigoberto Chac\u00f3n P\u00e9rez y como lev\u00edsima al partido pol\u00edtico.<\/p>\n","protected":false},"excerpt":{"rendered":"<p>Redacci\u00f3n\/Zona Roja. Oaxaca de Ju\u00e1rez, Oaxaca a 21 de enero de 2021.- El pleno del&hellip;<\/p>\n","protected":false},"author":2,"featured_media":36692,"comment_status":"closed","ping_status":"open","sticky":false,"template":"","format":"standard","meta":{"_lmt_disableupdate":"","_lmt_disable":"","_jetpack_memberships_contains_paid_content":false,"footnotes":""},"categories":[109,47],"tags":[3006],"class_list":["post-36691","post","type-post","status-publish","format-standard","has-post-thumbnail","hentry","category-minuto-a-minuto","category-zona-gris","tag-rigoberto-chacon-perez"],"jetpack_featured_media_url":"https:\/\/zonaroja.com.mx\/wp-content\/uploads\/2022\/01\/Rigoberto-Chacon-Perez.jpg","jetpack_sharing_enabled":true,"_links":{"self":[{"href":"https:\/\/zonaroja.com.mx\/index.php?rest_route=\/wp\/v2\/posts\/36691","targetHints":{"allow":["GET"]}}],"collection":[{"href":"https:\/\/zonaroja.com.mx\/index.php?rest_route=\/wp\/v2\/posts"}],"about":[{"href":"https:\/\/zonaroja.com.mx\/index.php?rest_route=\/wp\/v2\/types\/post"}],"author":[{"embeddable":true,"href":"https:\/\/zonaroja.com.mx\/index.php?rest_route=\/wp\/v2\/users\/2"}],"replies":[{"embeddable":true,"href":"https:\/\/zonaroja.com.mx\/index.php?rest_route=%2Fwp%2Fv2%2Fcomments&post=36691"}],"version-history":[{"count":1,"href":"https:\/\/zonaroja.com.mx\/index.php?rest_route=\/wp\/v2\/posts\/36691\/revisions"}],"predecessor-version":[{"id":36693,"href":"https:\/\/zonaroja.com.mx\/index.php?rest_route=\/wp\/v2\/posts\/36691\/revisions\/36693"}],"wp:featuredmedia":[{"embeddable":true,"href":"https:\/\/zonaroja.com.mx\/index.php?rest_route=\/wp\/v2\/media\/36692"}],"wp:attachment":[{"href":"https:\/\/zonaroja.com.mx\/index.php?rest_route=%2Fwp%2Fv2%2Fmedia&parent=36691"}],"wp:term":[{"taxonomy":"category","embeddable":true,"href":"https:\/\/zonaroja.com.mx\/index.php?rest_route=%2Fwp%2Fv2%2Fcategories&post=36691"},{"taxonomy":"post_tag","embeddable":true,"href":"https:\/\/zonaroja.com.mx\/index.php?rest_route=%2Fwp%2Fv2%2Ftags&post=36691"}],"curies":[{"name":"wp","href":"https:\/\/api.w.org\/{rel}","templated":true}]}}