{"id":36702,"date":"2022-01-21T22:22:38","date_gmt":"2022-01-22T04:22:38","guid":{"rendered":"http:\/\/www.zonaroja.com.mx\/?p=36702"},"modified":"2022-01-21T22:22:42","modified_gmt":"2022-01-22T04:22:42","slug":"sigue-al-alza-el-covid-en-oaxaca-hoy-mil-74-contagiados-incrementa-omicron","status":"publish","type":"post","link":"https:\/\/zonaroja.com.mx\/?p=36702","title":{"rendered":"Sigue al alza el Covid en Oaxaca; hoy mil 74 contagiados; incrementa \u201c\u00d3micr\u00f3n\u201d"},"content":{"rendered":"\n<p>Redacci\u00f3n\/Zona Roja.<\/p>\n\n\n\n<p>Oaxaca de Ju\u00e1rez, Oax., 21 de enero de 2022.- De acuerdo al informe t\u00e9cnico de este viernes, se han registrado mil 074 casos nuevos del SARS-CoV-2 y cuatro defunciones, hay cinco mil 782 personas que cursan con la enfermedad, y 81 mil 658 se han recuperado.<\/p>\n\n\n\n<p>En un comunicado, la instituci\u00f3n Servicios de Salud de Oaxaca expuso que en total se tiene el registro de 93 mil 136 casos confirmados de Covid-19, cinco mil 696 decesos, una ocupaci\u00f3n hospitalaria global del 33.3% y 10 nosocomios se encuentran al 100% de su capacidad.<\/p>\n\n\n\n<p>Respecto al panorama Jurisdiccional, Valles Centrales contabiliza 55 mil 941 casos confirmados y dos mil 534 defunciones; Istmo 13 mil 293 casos confirmados y mil 210 decesos; Mixteca siete mil 275 casos confirmados y 583 personas perdieron la vida; Costa seis mil 713 casos confirmados y 475 defunciones; Tuxtepec seis mil 730 casos confirmados y 569 decesos, y la Sierra tres mil 184 casos confirmados y 325 han fallecido.<\/p>\n\n\n\n<p>Los casos positivos est\u00e1n distribuidos en 95 municipios, de los cuales, los m\u00e1s afectados son; Oaxaca de Ju\u00e1rez con 287, seguido de San Juan Bautista Tuxtepec con 104, Santa Mar\u00eda Huatulco 68, Heroica Ciudad de Huajuapan de Le\u00f3n 52, Salina Cruz 45, Santa Cruz Xoxocotl\u00e1n 44, San Felipe Jalapa de D\u00edaz 42 y Ocotl\u00e1n de Morelos 23, por citar algunos.<\/p>\n\n\n\n<p>Cabe destacar que hoy, los municipios de San Andr\u00e9s Teotil\u00e1lpam en la Ca\u00f1ada y San Miguel del R\u00edo en la Sierra Norte, presentan su primer caso de COVID-19.<\/p>\n\n\n\n<figure class=\"wp-block-embed is-type-rich is-provider-twitter wp-block-embed-twitter\"><div class=\"wp-block-embed__wrapper\">\n<div class=\"twitter-tweet\"><blockquote class=\"twitter-tweet\" data-lang=\"es\"><p lang=\"es\" dir=\"ltr\"><a href=\"https:\/\/twitter.com\/hashtag\/%C3%9AltimoMinuto?src=hash&amp;ref_src=twsrc%5Etfw\">#\u00daltimoMinuto<\/a><br>Los Servicios de Salud de <a href=\"https:\/\/twitter.com\/hashtag\/Oaxaca?src=hash&amp;ref_src=twsrc%5Etfw\">#Oaxaca<\/a> reportan este viernes mil 74 casos positivos a Covid y 4 decesos.<br>Suman 93 mil 136 casos confirmados y 5 mil 696 fallecimientos.<br>Sube a 10 los nosocomios llenos; ocupaci\u00f3n hospitalaria al 33.3% y hay 5 mil 782 casos activos. <a href=\"https:\/\/t.co\/ZxT1CsgVOa\">pic.twitter.com\/ZxT1CsgVOa<\/a><\/p>&mdash; Zona Roja Oaxaca (@Zona_Roja_Oax) <a href=\"https:\/\/twitter.com\/Zona_Roja_Oax\/status\/1484726046771625986?ref_src=twsrc%5Etfw\">22 de enero de 2022<\/a><\/blockquote><\/div>\n<\/div><\/figure>\n\n\n\n<p>De las cinco mil 696 lamentables defunciones, por sexo tres mil 634 son hombres y dos mil 062 mujeres, por rango de edad los m\u00e1s afectados son los de 65 y m\u00e1s con dos mil 659, seguido de 50 a 59 con mil 199 y de 60 a 64 con 779.<\/p>\n\n\n\n<p>Se ha registrado 12 pacientes nuevos hospitalizados de los 141 que actualmente se encuentran recibiendo atenci\u00f3n m\u00e9dica por el SARS-CoV-2, hay 282 camas disponibles de un total de 423. La Jurisdicci\u00f3n Sanitaria de la Mixteca registra un 62.2% de camas ocupadas, seguido de Valles Centrales con 45% y Costa 20%.<\/p>\n\n\n\n<p>En tanto que, de acuerdo al sem\u00e1foro de riesgo epid\u00e9mico que emite el Gobierno Federal, del 24 de enero al 6 de febrero, Oaxaca seguir\u00e1 en color verde, por lo que la instituci\u00f3n exhorta a la sociedad y municipios a seguir aplicando con estricta disciplina y orden las medidas sanitarias establecidas.<\/p>\n\n\n\n<p>Al corte de este viernes, los Servicios de Salud de Oaxaca (SSO) y previa notificaci\u00f3n del Instituto de Diagn\u00f3stico y Referencia Epidemiol\u00f3gicos (InDRE), han confirmado dos casos m\u00e1s de la variante \u00d3micron de COVID-19, que en total suman 43 personas infectadas en la entidad.<\/p>\n\n\n\n<p>Evitar las reuniones masivas o acudir a lugares concurridos, usar el cubrebocas de forma correcta que cubra nariz y barbilla en espacios p\u00fablicos y cerrados, mantener la sana distancia de 1.5 metros, as\u00ed como lavarse las manos con frecuencia, son acciones fundamentales para poder mitigar esta cuarta ola de contagios.<\/p>\n","protected":false},"excerpt":{"rendered":"<p>Redacci\u00f3n\/Zona Roja. Oaxaca de Ju\u00e1rez, Oax., 21 de enero de 2022.- De acuerdo al informe&hellip;<\/p>\n","protected":false},"author":2,"featured_media":36703,"comment_status":"closed","ping_status":"open","sticky":false,"template":"","format":"standard","meta":{"_lmt_disableupdate":"","_lmt_disable":"","_jetpack_memberships_contains_paid_content":false,"footnotes":""},"categories":[109,47],"tags":[1512],"class_list":["post-36702","post","type-post","status-publish","format-standard","has-post-thumbnail","hentry","category-minuto-a-minuto","category-zona-gris","tag-coronavirus-oaxaca"],"jetpack_featured_media_url":"https:\/\/zonaroja.com.mx\/wp-content\/uploads\/2022\/01\/21-de-enero-2022-Comunicado-te\u0301cnico.jpg","jetpack_sharing_enabled":true,"_links":{"self":[{"href":"https:\/\/zonaroja.com.mx\/index.php?rest_route=\/wp\/v2\/posts\/36702","targetHints":{"allow":["GET"]}}],"collection":[{"href":"https:\/\/zonaroja.com.mx\/index.php?rest_route=\/wp\/v2\/posts"}],"about":[{"href":"https:\/\/zonaroja.com.mx\/index.php?rest_route=\/wp\/v2\/types\/post"}],"author":[{"embeddable":true,"href":"https:\/\/zonaroja.com.mx\/index.php?rest_route=\/wp\/v2\/users\/2"}],"replies":[{"embeddable":true,"href":"https:\/\/zonaroja.com.mx\/index.php?rest_route=%2Fwp%2Fv2%2Fcomments&post=36702"}],"version-history":[{"count":1,"href":"https:\/\/zonaroja.com.mx\/index.php?rest_route=\/wp\/v2\/posts\/36702\/revisions"}],"predecessor-version":[{"id":36704,"href":"https:\/\/zonaroja.com.mx\/index.php?rest_route=\/wp\/v2\/posts\/36702\/revisions\/36704"}],"wp:featuredmedia":[{"embeddable":true,"href":"https:\/\/zonaroja.com.mx\/index.php?rest_route=\/wp\/v2\/media\/36703"}],"wp:attachment":[{"href":"https:\/\/zonaroja.com.mx\/index.php?rest_route=%2Fwp%2Fv2%2Fmedia&parent=36702"}],"wp:term":[{"taxonomy":"category","embeddable":true,"href":"https:\/\/zonaroja.com.mx\/index.php?rest_route=%2Fwp%2Fv2%2Fcategories&post=36702"},{"taxonomy":"post_tag","embeddable":true,"href":"https:\/\/zonaroja.com.mx\/index.php?rest_route=%2Fwp%2Fv2%2Ftags&post=36702"}],"curies":[{"name":"wp","href":"https:\/\/api.w.org\/{rel}","templated":true}]}}