{"id":36707,"date":"2022-01-22T08:24:20","date_gmt":"2022-01-22T14:24:20","guid":{"rendered":"http:\/\/www.zonaroja.com.mx\/?p=36707"},"modified":"2022-01-22T08:24:22","modified_gmt":"2022-01-22T14:24:22","slug":"aprehenden-a-elemento-de-la-guardia-nacional-que-violo-a-una-menor-en-oaxaca","status":"publish","type":"post","link":"https:\/\/zonaroja.com.mx\/?p=36707","title":{"rendered":"Aprehenden a elemento de la Guardia Nacional que viol\u00f3 a una menor en Oaxaca"},"content":{"rendered":"\n<p>Redacci\u00f3n\/Zona Roja.<\/p>\n\n\n\n<p>Oaxaca de Ju\u00e1rez, Oax., 22 de enero de 2022.- En estrecha colaboraci\u00f3n con la Guardia Nacional (GN), la Fiscal\u00eda General del Estado de Oaxaca (FGEO) logr\u00f3 aprehender y presentar ante Juez a la persona del sexo masculino identificada como R. J. L. R. (elemento activo de la GN), por el delito de abuso sexual agravado y violaci\u00f3n equiparada agravada contra una menor de edad, cometido en la Heroica Ciudad de Juchit\u00e1n de Zaragoza, en la regi\u00f3n del Istmo de Tehuantepec.<\/p>\n\n\n\n<p>Luego de una estricta investigaci\u00f3n realizada por la FGEO, se obtuvieron elementos suficientes sobre la probable responsabilidad del ahora imputado, por lo que se estableci\u00f3 un acuerdo de colaboraci\u00f3n con la Guardia Nacional, que dio todas las facilidades para que realizar las indagatorias pertinentes en aras de castigar al supuesto responsable en caso de probar su participaci\u00f3n en los delitos que se imputan.<\/p>\n\n\n\n<p>El probable agresor sexual fue aprehendido por Agentes Estatales de Investigaci\u00f3n cuando circulaba en inmediaciones de la colonia Luis Donaldo Colosio del referido municipio.<\/p>\n\n\n\n<p>De acuerdo con la causa penal 223\/2021, en diferentes fechas de 2019, el imputado probablemente agredi\u00f3 de manera sexual a la v\u00edctima, cuando se encontraban en el interior de un domicilio ubicado en la calle Isabel La Cat\u00f3lica, de Juchit\u00e1n de Zaragoza.<\/p>\n\n\n\n<p>Luego de la denuncia presentada por familiares de la v\u00edctima, la FGEO atrajo la investigaci\u00f3n -a trav\u00e9s de la Vicefiscal\u00eda Regional del Istmo- y gracias al trabajo colaborativo con la Guardia Nacional, se logr\u00f3 identificar, aprehender y presentar al imputado ante la autoridad ministerial correspondiente, quien determinar\u00e1 su situaci\u00f3n jur\u00eddica en las pr\u00f3ximas horas.<\/p>\n\n\n\n<p>Al tener pleno conocimiento del caso, la Guardia Nacional ratific\u00f3 su compromiso con la seguridad de las y los oaxaque\u00f1os por lo que expres\u00f3 que no permitir\u00e1n actos que violenten el tejido social en el estado, mucho menos cuando atentan contra la integridad y derechos de la ni\u00f1ez.<\/p>\n\n\n\n<p>Adem\u00e1s, la GN se\u00f1al\u00f3 que al facilitar las investigaciones, busca mantener los m\u00e1s altos est\u00e1ndares de probidad y compromiso de los elementos que conforman a esta instituci\u00f3n federal.<\/p>\n\n\n\n<p>MAT\u00d3 A MUJER E HIJA<\/p>\n\n\n\n<p>En otro caso, la Fiscal\u00eda General del Estado de Oaxaca (FGEO) logr\u00f3 aprehender y obtuvo auto de formal prisi\u00f3n contra la persona del sexo masculino identificada como V. C. L. A., probable responsable de los delitos de homicidio calificado con premeditaci\u00f3n, ventaja y alevos\u00eda, en agravio de una mujer que en vida respondi\u00f3 al nombre de C. G. L., y de homicidio doloso contra una menor de edad, cometidos en agosto de 2014, en jurisdicci\u00f3n de Cuil\u00e1pam de Guerrero, en la regi\u00f3n de Valles Centrales.<\/p>\n\n\n\n<p>De acuerdo con los hechos asentados en la averiguaci\u00f3n previa 1178\/SADAI\/2014, el 28 de agosto de 2014, en inmediaciones de la localidad de Rancho Quemado, Cuil\u00e1pam, el inculpado agredi\u00f3 con un arma blanca (cuchillo) a la v\u00edctima C. G. L., ocasion\u00e1ndole lesiones de gravedad que le provocaron la muerte; en tanto, la menor de edad -que era hija de la primera v\u00edctima- qued\u00f3 abandonada en el lugar y expuesta a la intemperie por tiempo prolongado, lo que ocasion\u00f3 su muerte.<\/p>\n\n\n\n<p>Ante este crimen, la Instituci\u00f3n de procuraci\u00f3n de justicia atrajo el caso -a trav\u00e9s de la Vicefiscal\u00eda General de Control Regional-, logrando aprehender al probable responsable, quien fue presentado ante el Juez Primero Penal del Centro, que dict\u00f3 auto de formal prisi\u00f3n en su contra por la comisi\u00f3n de ambos delitos.<\/p>\n\n\n\n<p>Por otro caso suscitado en febrero de 2019 en jurisdicci\u00f3n de Mat\u00edas Romero Avenda\u00f1o, en la regi\u00f3n del Istmo de Tehuantepec, la FGEO obtuvo, del Tribunal de Enjuiciamiento, sentencia condenatoria de 30 a\u00f1os de prisi\u00f3n y el pago de m\u00e1s de 420 mil pesos por concepto de reparaci\u00f3n del da\u00f1o contra el masculino C. D. M. B., responsable del delito de homicidio calificado, en agravio de quien en vida respondi\u00f3 al nombre de M. J. L. P.; hechos asentados en la causa penal 417\/2019.<\/p>\n","protected":false},"excerpt":{"rendered":"<p>Redacci\u00f3n\/Zona Roja. Oaxaca de Ju\u00e1rez, Oax., 22 de enero de 2022.- En estrecha colaboraci\u00f3n con&hellip;<\/p>\n","protected":false},"author":2,"featured_media":36708,"comment_status":"closed","ping_status":"open","sticky":false,"template":"","format":"standard","meta":{"_lmt_disableupdate":"","_lmt_disable":"","_jetpack_memberships_contains_paid_content":false,"footnotes":""},"categories":[109,47],"tags":[],"class_list":["post-36707","post","type-post","status-publish","format-standard","has-post-thumbnail","hentry","category-minuto-a-minuto","category-zona-gris"],"jetpack_featured_media_url":"https:\/\/zonaroja.com.mx\/wp-content\/uploads\/2022\/01\/Guardia-Nacional-2.jpg","jetpack_sharing_enabled":true,"_links":{"self":[{"href":"https:\/\/zonaroja.com.mx\/index.php?rest_route=\/wp\/v2\/posts\/36707","targetHints":{"allow":["GET"]}}],"collection":[{"href":"https:\/\/zonaroja.com.mx\/index.php?rest_route=\/wp\/v2\/posts"}],"about":[{"href":"https:\/\/zonaroja.com.mx\/index.php?rest_route=\/wp\/v2\/types\/post"}],"author":[{"embeddable":true,"href":"https:\/\/zonaroja.com.mx\/index.php?rest_route=\/wp\/v2\/users\/2"}],"replies":[{"embeddable":true,"href":"https:\/\/zonaroja.com.mx\/index.php?rest_route=%2Fwp%2Fv2%2Fcomments&post=36707"}],"version-history":[{"count":1,"href":"https:\/\/zonaroja.com.mx\/index.php?rest_route=\/wp\/v2\/posts\/36707\/revisions"}],"predecessor-version":[{"id":36709,"href":"https:\/\/zonaroja.com.mx\/index.php?rest_route=\/wp\/v2\/posts\/36707\/revisions\/36709"}],"wp:featuredmedia":[{"embeddable":true,"href":"https:\/\/zonaroja.com.mx\/index.php?rest_route=\/wp\/v2\/media\/36708"}],"wp:attachment":[{"href":"https:\/\/zonaroja.com.mx\/index.php?rest_route=%2Fwp%2Fv2%2Fmedia&parent=36707"}],"wp:term":[{"taxonomy":"category","embeddable":true,"href":"https:\/\/zonaroja.com.mx\/index.php?rest_route=%2Fwp%2Fv2%2Fcategories&post=36707"},{"taxonomy":"post_tag","embeddable":true,"href":"https:\/\/zonaroja.com.mx\/index.php?rest_route=%2Fwp%2Fv2%2Ftags&post=36707"}],"curies":[{"name":"wp","href":"https:\/\/api.w.org\/{rel}","templated":true}]}}