{"id":3671,"date":"2019-09-04T13:06:46","date_gmt":"2019-09-04T18:06:46","guid":{"rendered":"https:\/\/www.zonaroja.com.mx\/?p=3671"},"modified":"2019-09-04T20:16:13","modified_gmt":"2019-09-05T01:16:13","slug":"dos-anos-despues-solo-20-de-avance-en-reconstruccion-por-sismos-en-oaxaca","status":"publish","type":"post","link":"https:\/\/zonaroja.com.mx\/?p=3671","title":{"rendered":"Dos a\u00f1os despu\u00e9s, s\u00f3lo 20% de avance en reconstrucci\u00f3n por sismos en Oaxaca"},"content":{"rendered":"\n<p>Redacci\u00f3n\/Zona Roja. <\/p>\n\n\n\n<p>Oaxaca de Ju\u00e1rez, Oax., 4 de septiembre de 2019.- A tres d\u00edas que se cumplan dos a\u00f1os de sismo que devast\u00f3 el Istmo y otras regiones de Oaxaca, \u00fanicamente se tiene el 20 por ciento de avance en el proceso de reconstrucci\u00f3n de viviendas, inform\u00f3 el diputado local P\u00e1vel Mel\u00e9ndez Cruz.<\/p>\n\n\n\n<p>\u201cEstamos hablando que el avance es muy menor, en t\u00e9rminos de vivienda no llega al 30 por ciento, en t\u00e9rminos de escuela no llega al 20 por ciento, en t\u00e9rminos de templos y sitios hist\u00f3ricos no llega ni al 10 por ciento y en t\u00e9rminos de salud estamos por lo mismo, de manera global hablamos de menos del 20 por ciento de avance\u201d, dijo en entrevista.<\/p>\n\n\n\n<figure class=\"wp-block-embed-twitter wp-block-embed is-type-rich is-provider-twitter\"><div class=\"wp-block-embed__wrapper\">\n<div class=\"twitter-tweet\"><blockquote class=\"twitter-tweet\" data-lang=\"es\"><p lang=\"es\" dir=\"ltr\"><a href=\"https:\/\/twitter.com\/hashtag\/M%C3%A9xicoGris?src=hash&amp;ref_src=twsrc%5Etfw\">#M\u00e9xicoGris<\/a><br>La ex titular de la <a href=\"https:\/\/twitter.com\/SEDATU_mx?ref_src=twsrc%5Etfw\">@SEDATU_mx<\/a>, <a href=\"https:\/\/twitter.com\/Rosario_Robles_?ref_src=twsrc%5Etfw\">@Rosario_Robles_<\/a>, enfrenta tambi\u00e9n denuncias por el probable desv\u00edo de recursos en reconstrucci\u00f3n de viviendas da\u00f1adas en 2017 en el Istmo, afirm\u00f3 el diputado <a href=\"https:\/\/twitter.com\/pavel_mc?ref_src=twsrc%5Etfw\">@pavel_mc<\/a>; no se sabe destino de 4,500 mdp. <a href=\"https:\/\/t.co\/s8oZrL26Zf\">pic.twitter.com\/s8oZrL26Zf<\/a><\/p>&mdash; Zona Roja Oaxaca (@MexRoja) <a href=\"https:\/\/twitter.com\/MexRoja\/status\/1169225363047747584?ref_src=twsrc%5Etfw\">4 de septiembre de 2019<\/a><\/blockquote><\/div>\n<\/div><\/figure>\n\n\n\n<p>Por lo anterior, a\u00f1adi\u00f3 que ya se hicieron las observaciones puntuales a la Auditor\u00eda Superior de la Federaci\u00f3n y la Secretar\u00eda de la Funci\u00f3n P\u00fablica para que se presenten la denuncian necesarias a quien corresponda en toda la administraci\u00f3n p\u00fablica federal pasada, incluyendo a la ex titular de la Sedatu, Rosario Robles Berlanga por el probable desv\u00edo de recursos en reconstrucci\u00f3n de viviendas da\u00f1adas en 2017.<\/p>\n\n\n\n<p>\u201cLa nueva Sedatu ya present\u00f3 los instrumentos a partir de las observaciones derivadas de las auditorias, en el 2017 lo que se vio fue un negocio y no un proyecto responsable de reconstrucci\u00f3n en Oaxaca y otras partes de la Rep\u00fablica en donde se registraron da\u00f1os por los sismos\u201d, manifest\u00f3.<\/p>\n\n\n\n<p>Y es que de acuerdo con el legislador, no esta claro el destino de 4 mil 800 millones que fueron reportados por las autoridades federales para la reconstrucci\u00f3n y que supuestamente fueron lo que se repartieron por medio de las tarjetas Bansefi, \u201ces claro que en la reconstrucci\u00f3n no esta, los recorridos en la zona dan fe de ello\u201d, se\u00f1al\u00f3.<\/p>\n\n\n\n<p>Detall\u00f3 que son el Istmo, Mixteca y Costa las regiones m\u00e1s afectadas en m\u00e1s de 100 municipios y localidades que a\u00fan padecen los estragos de una mala aplicaci\u00f3n de las estrategias de reconstrucci\u00f3n por parte del gobierno federal, encabezado por Enrique Pe\u00f1a Nieto.<\/p>\n\n\n\n<p>Mientras que en el marco de su ponencia al interior del&nbsp;Foro Perspectivas de Avance a dos a\u00f1os de los&nbsp;sismos&nbsp;de 2017,&nbsp;se pronunci\u00f3 por una transici\u00f3n urgente de la antigua Protecci\u00f3n Civil a un modelo de Gesti\u00f3n Integral del Riesgo, que permita que los fen\u00f3menos naturales impacten lo menos posible en perjuicio de la comunidad y que la atenci\u00f3n posterior pueda darse de forma r\u00e1pida y efectiva.<\/p>\n\n\n\n<p>Dicho modelo incluye la identificaci\u00f3n y monitoreo de cualquier amenaza natural, la prevenci\u00f3n y mitigaci\u00f3n, preparaci\u00f3n en la respuesta, atenci\u00f3n de la emergencia y la reconstrucci\u00f3n como principales acciones para lograr menores afectaciones en los pueblos y sus habitantes quienes podr\u00edan recuperarse r\u00e1pidamente.<\/p>\n\n\n\n<p>Para su aplicaci\u00f3n, de acuerdo con el legislador, es necesario tomar en cuenta los conocimientos previos de los pueblos y sus practicas tradicionales que pueden convertirse en un complemento de las estrategias que se planteen para prevenir y atender las emergencias derivadas de fen\u00f3menos naturales.<br class=\"Apple-interchange-newline\"><\/p>\n\n\n\n<p><\/p>\n","protected":false},"excerpt":{"rendered":"<p>Redacci\u00f3n\/Zona Roja. Oaxaca de Ju\u00e1rez, Oax., 4 de septiembre de 2019.- A tres d\u00edas que&hellip;<\/p>\n","protected":false},"author":2,"featured_media":3670,"comment_status":"closed","ping_status":"open","sticky":false,"template":"","format":"standard","meta":{"_lmt_disableupdate":"","_lmt_disable":"","_jetpack_memberships_contains_paid_content":false,"footnotes":""},"categories":[109,47],"tags":[670],"class_list":["post-3671","post","type-post","status-publish","format-standard","has-post-thumbnail","hentry","category-minuto-a-minuto","category-zona-gris","tag-sismos-septiembre-2017"],"jetpack_featured_media_url":"https:\/\/zonaroja.com.mx\/wp-content\/uploads\/2019\/09\/img_4844.jpg","jetpack_sharing_enabled":true,"_links":{"self":[{"href":"https:\/\/zonaroja.com.mx\/index.php?rest_route=\/wp\/v2\/posts\/3671","targetHints":{"allow":["GET"]}}],"collection":[{"href":"https:\/\/zonaroja.com.mx\/index.php?rest_route=\/wp\/v2\/posts"}],"about":[{"href":"https:\/\/zonaroja.com.mx\/index.php?rest_route=\/wp\/v2\/types\/post"}],"author":[{"embeddable":true,"href":"https:\/\/zonaroja.com.mx\/index.php?rest_route=\/wp\/v2\/users\/2"}],"replies":[{"embeddable":true,"href":"https:\/\/zonaroja.com.mx\/index.php?rest_route=%2Fwp%2Fv2%2Fcomments&post=3671"}],"version-history":[{"count":3,"href":"https:\/\/zonaroja.com.mx\/index.php?rest_route=\/wp\/v2\/posts\/3671\/revisions"}],"predecessor-version":[{"id":3681,"href":"https:\/\/zonaroja.com.mx\/index.php?rest_route=\/wp\/v2\/posts\/3671\/revisions\/3681"}],"wp:featuredmedia":[{"embeddable":true,"href":"https:\/\/zonaroja.com.mx\/index.php?rest_route=\/wp\/v2\/media\/3670"}],"wp:attachment":[{"href":"https:\/\/zonaroja.com.mx\/index.php?rest_route=%2Fwp%2Fv2%2Fmedia&parent=3671"}],"wp:term":[{"taxonomy":"category","embeddable":true,"href":"https:\/\/zonaroja.com.mx\/index.php?rest_route=%2Fwp%2Fv2%2Fcategories&post=3671"},{"taxonomy":"post_tag","embeddable":true,"href":"https:\/\/zonaroja.com.mx\/index.php?rest_route=%2Fwp%2Fv2%2Ftags&post=3671"}],"curies":[{"name":"wp","href":"https:\/\/api.w.org\/{rel}","templated":true}]}}