{"id":36710,"date":"2022-01-22T08:31:07","date_gmt":"2022-01-22T14:31:07","guid":{"rendered":"http:\/\/www.zonaroja.com.mx\/?p=36710"},"modified":"2022-01-22T08:31:09","modified_gmt":"2022-01-22T14:31:09","slug":"cerro-oaxaca-2021con-el-nivel-mas-alto-de-ocupacion-en-diciembre-inegi","status":"publish","type":"post","link":"https:\/\/zonaroja.com.mx\/?p=36710","title":{"rendered":"Cerr\u00f3 Oaxaca 2021con el nivel m\u00e1s alto de ocupaci\u00f3n en diciembre: Inegi"},"content":{"rendered":"\n<p>Yuridiana Sosa\/Zona Roja<\/p>\n\n\n\n<p>Oaxaca de Ju\u00e1rez, Oax., 22 de enero de 2022.- La entidad oaxaque\u00f1a cerr\u00f3 el 2021 con la tasa de ocupaci\u00f3n m\u00e1s alta en el pa\u00eds con un 98.8 por ciento, de acuerdo la Encuesta Nacional de Ocupaci\u00f3n y Empleo, Nueva Edici\u00f3n (ENOEN).<\/p>\n\n\n\n<p>Pero la Poblaci\u00f3n Econ\u00f3micamente Activa (PEA) en Oaxaca no solo es la mayor en M\u00e9xico al finalizar el a\u00f1o, sino que tambi\u00e9n creci\u00f3 en comparaci\u00f3n a diciembre de 2020, cuando registr\u00f3 una tasa de 98.5 por ciento, lo cual incluye a las personas subocupadas o que laboran en la informalidad.<\/p>\n\n\n\n<p>En esta ocasi\u00f3n, esta entidad se coloc\u00f3 por encima de Hidalgo, que cerr\u00f3 el 2021 con una tasa de 98.6; Guerrero, 98.2; Baja California y Nayarit con 98.1 por ciento.<\/p>\n\n\n\n<p>En t\u00e9rminos nacionales en diciembre de 2021 la Poblaci\u00f3n Econ\u00f3micamente Activa fue de 59 millones de personas de 15 a\u00f1os y m\u00e1s, es decir, una tasa de participaci\u00f3n de 59.5 por ciento, lo cual es superior en 4.3 millones con relaci\u00f3n a la de diciembre de 2020. Mientras que la Poblaci\u00f3n No Econ\u00f3micamente Activa (PNEA) fue de 40.1 millones de personas, cifra menor en 2 millones de personas en comparaci\u00f3n a ese mismo periodo de un a\u00f1o antes.<\/p>\n\n\n\n<p>Por sexo, la tasa de participaci\u00f3n de los hombres en el doceavo mes del 2021 fue 76.2 por ciento y la de las mujeres 44.6 por ciento, lo que signific\u00f3 un crecimiento laboral en hombres en 2.8 por ciento y en mujeres de 3.1 por ciento.<\/p>\n\n\n\n<p>La ENOEN en diciembre de 2021 tambi\u00e9n muestra que la poblaci\u00f3n subocupada &#8211; aquella que declar\u00f3 tener necesidad y disponibilidad para trabajar m\u00e1s horas de lo que su ocupaci\u00f3n actual les demanda- disminuy\u00f3 con relaci\u00f3n al 2020.<\/p>\n\n\n\n<p>El a\u00f1o que reci\u00e9n termin\u00f3 registro que la poblaci\u00f3n Subocupada fue de 5.7 millones de personas, inferior en 1.7 millones de personas que en 2020.<\/p>\n","protected":false},"excerpt":{"rendered":"<p>Yuridiana Sosa\/Zona Roja Oaxaca de Ju\u00e1rez, Oax., 22 de enero de 2022.- La entidad oaxaque\u00f1a&hellip;<\/p>\n","protected":false},"author":2,"featured_media":30820,"comment_status":"closed","ping_status":"open","sticky":false,"template":"","format":"standard","meta":{"_lmt_disableupdate":"","_lmt_disable":"","_jetpack_memberships_contains_paid_content":false,"footnotes":""},"categories":[109,46],"tags":[],"class_list":["post-36710","post","type-post","status-publish","format-standard","has-post-thumbnail","hentry","category-minuto-a-minuto","category-zona-blanca"],"jetpack_featured_media_url":"https:\/\/zonaroja.com.mx\/wp-content\/uploads\/2021\/08\/Inversiones-desarrollo-crecimiento-Oaxaca.jpg","jetpack_sharing_enabled":true,"_links":{"self":[{"href":"https:\/\/zonaroja.com.mx\/index.php?rest_route=\/wp\/v2\/posts\/36710","targetHints":{"allow":["GET"]}}],"collection":[{"href":"https:\/\/zonaroja.com.mx\/index.php?rest_route=\/wp\/v2\/posts"}],"about":[{"href":"https:\/\/zonaroja.com.mx\/index.php?rest_route=\/wp\/v2\/types\/post"}],"author":[{"embeddable":true,"href":"https:\/\/zonaroja.com.mx\/index.php?rest_route=\/wp\/v2\/users\/2"}],"replies":[{"embeddable":true,"href":"https:\/\/zonaroja.com.mx\/index.php?rest_route=%2Fwp%2Fv2%2Fcomments&post=36710"}],"version-history":[{"count":1,"href":"https:\/\/zonaroja.com.mx\/index.php?rest_route=\/wp\/v2\/posts\/36710\/revisions"}],"predecessor-version":[{"id":36711,"href":"https:\/\/zonaroja.com.mx\/index.php?rest_route=\/wp\/v2\/posts\/36710\/revisions\/36711"}],"wp:featuredmedia":[{"embeddable":true,"href":"https:\/\/zonaroja.com.mx\/index.php?rest_route=\/wp\/v2\/media\/30820"}],"wp:attachment":[{"href":"https:\/\/zonaroja.com.mx\/index.php?rest_route=%2Fwp%2Fv2%2Fmedia&parent=36710"}],"wp:term":[{"taxonomy":"category","embeddable":true,"href":"https:\/\/zonaroja.com.mx\/index.php?rest_route=%2Fwp%2Fv2%2Fcategories&post=36710"},{"taxonomy":"post_tag","embeddable":true,"href":"https:\/\/zonaroja.com.mx\/index.php?rest_route=%2Fwp%2Fv2%2Ftags&post=36710"}],"curies":[{"name":"wp","href":"https:\/\/api.w.org\/{rel}","templated":true}]}}