{"id":36719,"date":"2022-01-22T18:17:22","date_gmt":"2022-01-23T00:17:22","guid":{"rendered":"http:\/\/www.zonaroja.com.mx\/?p=36719"},"modified":"2022-01-22T18:19:48","modified_gmt":"2022-01-23T00:19:48","slug":"asegura-edil-de-santa-lucia-del-camino-que-hay-garantia-de-transparencia","status":"publish","type":"post","link":"https:\/\/zonaroja.com.mx\/?p=36719","title":{"rendered":"Asegura edil de Santa Luc\u00eda del Camino que hay garant\u00eda de transparencia"},"content":{"rendered":"\n<p>Yuridiana Sosa\/Zona Roja.<\/p>\n\n\n\n<p>Oaxaca de Ju\u00e1rez, Oax., 22 de enero de 2022.- La ejecuci\u00f3n de los recursos p\u00fablicos destinados para el gobierno municipal de Santa Luc\u00eda del Camino, se har\u00e1 con transparencia, asegur\u00f3 el presidente Juan Carlos Garc\u00eda M\u00e1rquez.<\/p>\n\n\n\n<p>A tres semanas de iniciar su administraci\u00f3n, el edil dijo que una muestra de que el presupuesto se est\u00e1 ocupando a favor de la comunidad es la compra por medio de cr\u00e9ditos de tres camiones recolectores de basura, de los que va a presentar factura en un a\u00f1o, as\u00ed como en los trabajos de bacheo que se realizan.<\/p>\n\n\n\n<p>El edil desminti\u00f3 las acusaciones sobre un presupuesto especial para sus gastos de comida, entre otros, como lo se\u00f1alaron algunas voces; por el contrario, dijo que el ayuntamiento ha otorgado alimentos al personal de salud que ha asistido a las jornadas de vacunaci\u00f3n en ese municipio.<\/p>\n\n\n\n<figure class=\"wp-block-embed is-type-rich is-provider-twitter wp-block-embed-twitter\"><div class=\"wp-block-embed__wrapper\">\n<div class=\"twitter-tweet\"><blockquote class=\"twitter-tweet\" data-lang=\"es\"><p lang=\"es\" dir=\"ltr\"><a href=\"https:\/\/twitter.com\/hashtag\/ENVIVO?src=hash&amp;ref_src=twsrc%5Etfw\">#ENVIVO<\/a><br>El presidente municipal de Santa Luc\u00eda del Camino, Oaxaca, Juan Carlos Garc\u00eda M\u00e1rquez (<a href=\"https:\/\/twitter.com\/JC_GMarquez?ref_src=twsrc%5Etfw\">@JC_GMarquez<\/a>), habla de las acciones de su gobierno en las primeras semanas de su gobierno.<br>Aqu\u00ed la transmisi\u00f3n:<br>\ud83d\udc47<a href=\"https:\/\/t.co\/rTdM0rpwWa\">https:\/\/t.co\/rTdM0rpwWa<\/a> <a href=\"https:\/\/t.co\/H5e4QFSIEt\">pic.twitter.com\/H5e4QFSIEt<\/a><\/p>&mdash; Zona Roja Oaxaca (@Zona_Roja_Oax) <a href=\"https:\/\/twitter.com\/Zona_Roja_Oax\/status\/1484984316945833985?ref_src=twsrc%5Etfw\">22 de enero de 2022<\/a><\/blockquote><\/div>\n<\/div><\/figure>\n\n\n\n<p>\u201cNo se dejen llevar por mala informaci\u00f3n, por politiquer\u00edas\u201d, apunt\u00f3 el edil, quien dijo que en pr\u00f3ximos d\u00edas se publicar\u00e1 el presupuesto para conocimiento de la ciudadan\u00eda, pues no hay nada que ocultar.<\/p>\n\n\n\n<p>Ante esa situaci\u00f3n, el presidente municipal surgido del Partido Morena pidi\u00f3 a sus gobernados mantener la confianza otorgada para ejercer el cargo.<\/p>\n\n\n\n<p>Respecto a las primeras acciones de gobierno, Juan Carlos Garc\u00eda apunt\u00f3 que el programa de Consejer\u00eda Municipal, que propuso en campa\u00f1a para atender las \u00e1reas p\u00fablicas, ya est\u00e1 en funciones con la reparaci\u00f3n de baches y se\u00f1alizaciones.<\/p>\n\n\n\n<p>Adem\u00e1s, el servicio de recolecci\u00f3n de basura retom\u00f3 sus rutas, as\u00ed como que el cabildo ya ha tomado importantes acuerdos a favor de la poblaci\u00f3n, como es el de \u201ccero\u201d concesiones nuevas para los giros negros y su regularizaci\u00f3n.<\/p>\n","protected":false},"excerpt":{"rendered":"<p>Yuridiana Sosa\/Zona Roja. Oaxaca de Ju\u00e1rez, Oax., 22 de enero de 2022.- La ejecuci\u00f3n de&hellip;<\/p>\n","protected":false},"author":2,"featured_media":36722,"comment_status":"closed","ping_status":"open","sticky":false,"template":"","format":"standard","meta":{"_lmt_disableupdate":"","_lmt_disable":"","_jetpack_memberships_contains_paid_content":false,"footnotes":""},"categories":[109,46],"tags":[2533],"class_list":["post-36719","post","type-post","status-publish","format-standard","has-post-thumbnail","hentry","category-minuto-a-minuto","category-zona-blanca","tag-juan-carlos-garcia-marquez"],"jetpack_featured_media_url":"https:\/\/zonaroja.com.mx\/wp-content\/uploads\/2022\/01\/Juan-Carlos-Garcia-Marquez.jpg","jetpack_sharing_enabled":true,"_links":{"self":[{"href":"https:\/\/zonaroja.com.mx\/index.php?rest_route=\/wp\/v2\/posts\/36719","targetHints":{"allow":["GET"]}}],"collection":[{"href":"https:\/\/zonaroja.com.mx\/index.php?rest_route=\/wp\/v2\/posts"}],"about":[{"href":"https:\/\/zonaroja.com.mx\/index.php?rest_route=\/wp\/v2\/types\/post"}],"author":[{"embeddable":true,"href":"https:\/\/zonaroja.com.mx\/index.php?rest_route=\/wp\/v2\/users\/2"}],"replies":[{"embeddable":true,"href":"https:\/\/zonaroja.com.mx\/index.php?rest_route=%2Fwp%2Fv2%2Fcomments&post=36719"}],"version-history":[{"count":1,"href":"https:\/\/zonaroja.com.mx\/index.php?rest_route=\/wp\/v2\/posts\/36719\/revisions"}],"predecessor-version":[{"id":36720,"href":"https:\/\/zonaroja.com.mx\/index.php?rest_route=\/wp\/v2\/posts\/36719\/revisions\/36720"}],"wp:featuredmedia":[{"embeddable":true,"href":"https:\/\/zonaroja.com.mx\/index.php?rest_route=\/wp\/v2\/media\/36722"}],"wp:attachment":[{"href":"https:\/\/zonaroja.com.mx\/index.php?rest_route=%2Fwp%2Fv2%2Fmedia&parent=36719"}],"wp:term":[{"taxonomy":"category","embeddable":true,"href":"https:\/\/zonaroja.com.mx\/index.php?rest_route=%2Fwp%2Fv2%2Fcategories&post=36719"},{"taxonomy":"post_tag","embeddable":true,"href":"https:\/\/zonaroja.com.mx\/index.php?rest_route=%2Fwp%2Fv2%2Ftags&post=36719"}],"curies":[{"name":"wp","href":"https:\/\/api.w.org\/{rel}","templated":true}]}}