{"id":36723,"date":"2022-01-22T19:23:43","date_gmt":"2022-01-23T01:23:43","guid":{"rendered":"http:\/\/www.zonaroja.com.mx\/?p=36723"},"modified":"2022-01-22T19:23:45","modified_gmt":"2022-01-23T01:23:45","slug":"en-ambulancia-del-imss-transportaban-14-indocumentados-en-oaxaca","status":"publish","type":"post","link":"https:\/\/zonaroja.com.mx\/?p=36723","title":{"rendered":"En ambulancia del IMSS transportaban 14 indocumentados en Oaxaca"},"content":{"rendered":"\n<p>Redacci\u00f3n\/Zona Roja.<\/p>\n\n\n\n<p>Oaxaca de Ju\u00e1rez, Oax., 22 de enero de 2022.- Personal del Instituto Nacional de Migraci\u00f3n (INM) y de la Fiscal\u00eda General de la Rep\u00fablica aseguraron en Oaxaca una ambulancia del IMSS, en que transportaban a 14 migrantes indocumentados.<\/p>\n\n\n\n<p>Se trata de una unidad de motor con placas de circulaci\u00f3n XD-9642 del estado de Tlaxcala y n\u00famero econ\u00f3mico AA-073, cuyo conductor tambi\u00e9n fue detenido.<\/p>\n\n\n\n<p>Durante una revisi\u00f3n, sobre la carretera federal 190 Oaxaca-Istmo, a la altura del municipio de Jalapa del Marqu\u00e9s, fueron hallados cinco menores de edad y 14 adultos, originarios de Nicaragua, y quienes no pudieron acreditar su estancia legal en M\u00e9xico.<\/p>\n\n\n\n<p>El chofer se identific\u00f3 como Jorge L. S. V., de 21 a\u00f1os de edad y originario de Santo Domingo Tzimol, Chiapas, quien fue trasladado a las instalaciones del Instituto Nacional de Migraci\u00f3n, al igual que los centroamericanos.<\/p>\n","protected":false},"excerpt":{"rendered":"<p>Redacci\u00f3n\/Zona Roja. Oaxaca de Ju\u00e1rez, Oax., 22 de enero de 2022.- Personal del Instituto Nacional&hellip;<\/p>\n","protected":false},"author":2,"featured_media":36724,"comment_status":"closed","ping_status":"open","sticky":false,"template":"","format":"standard","meta":{"_lmt_disableupdate":"","_lmt_disable":"","_jetpack_memberships_contains_paid_content":false,"footnotes":""},"categories":[109,47],"tags":[],"class_list":["post-36723","post","type-post","status-publish","format-standard","has-post-thumbnail","hentry","category-minuto-a-minuto","category-zona-gris"],"jetpack_featured_media_url":"https:\/\/zonaroja.com.mx\/wp-content\/uploads\/2022\/01\/IMSS-ambulacia-migrantes.jpg","jetpack_sharing_enabled":true,"_links":{"self":[{"href":"https:\/\/zonaroja.com.mx\/index.php?rest_route=\/wp\/v2\/posts\/36723","targetHints":{"allow":["GET"]}}],"collection":[{"href":"https:\/\/zonaroja.com.mx\/index.php?rest_route=\/wp\/v2\/posts"}],"about":[{"href":"https:\/\/zonaroja.com.mx\/index.php?rest_route=\/wp\/v2\/types\/post"}],"author":[{"embeddable":true,"href":"https:\/\/zonaroja.com.mx\/index.php?rest_route=\/wp\/v2\/users\/2"}],"replies":[{"embeddable":true,"href":"https:\/\/zonaroja.com.mx\/index.php?rest_route=%2Fwp%2Fv2%2Fcomments&post=36723"}],"version-history":[{"count":1,"href":"https:\/\/zonaroja.com.mx\/index.php?rest_route=\/wp\/v2\/posts\/36723\/revisions"}],"predecessor-version":[{"id":36725,"href":"https:\/\/zonaroja.com.mx\/index.php?rest_route=\/wp\/v2\/posts\/36723\/revisions\/36725"}],"wp:featuredmedia":[{"embeddable":true,"href":"https:\/\/zonaroja.com.mx\/index.php?rest_route=\/wp\/v2\/media\/36724"}],"wp:attachment":[{"href":"https:\/\/zonaroja.com.mx\/index.php?rest_route=%2Fwp%2Fv2%2Fmedia&parent=36723"}],"wp:term":[{"taxonomy":"category","embeddable":true,"href":"https:\/\/zonaroja.com.mx\/index.php?rest_route=%2Fwp%2Fv2%2Fcategories&post=36723"},{"taxonomy":"post_tag","embeddable":true,"href":"https:\/\/zonaroja.com.mx\/index.php?rest_route=%2Fwp%2Fv2%2Ftags&post=36723"}],"curies":[{"name":"wp","href":"https:\/\/api.w.org\/{rel}","templated":true}]}}