{"id":36726,"date":"2022-01-22T19:33:58","date_gmt":"2022-01-23T01:33:58","guid":{"rendered":"http:\/\/www.zonaroja.com.mx\/?p=36726"},"modified":"2022-01-22T19:34:01","modified_gmt":"2022-01-23T01:34:01","slug":"rechazan-pueblos-originarios-de-oaxaca-fusion-de-inali-e-inpi","status":"publish","type":"post","link":"https:\/\/zonaroja.com.mx\/?p=36726","title":{"rendered":"Rechazan pueblos originarios de Oaxaca fusi\u00f3n de INALI e INPI"},"content":{"rendered":"\n<p>Yuridiana Sosa\/Zona Roja.<\/p>\n\n\n\n<p>Oaxaca de Ju\u00e1rez, Oax., 22 de enero de 2022.-. Los pueblos originarios Chontal, Chocholteco e Ixcateco de Oaxaca, manifestaron su rechazo a la iniciativa del presidente de M\u00e9xico, Andr\u00e9s Manuel L\u00f3pez Obrador, en integrar al Instituto Nacional de las Lenguas Ind\u00edgenas (INALI) en el Instituto Nacional para los Pueblos Ind\u00edgenas.<\/p>\n\n\n\n<p>Los autoridades municipales y promotores culturales de Santa Mar\u00eda Ecatepec, San Juan Bautista Coixtlahuaca y Santa Mar\u00eda expresaron por medio de un acuerdo firmado que, esta medida representa un retroceso en los avances obtenidos en t\u00e9rminos de instituciones de estado y pol\u00edticas p\u00fablicas que generen condiciones para garantizar el ejercicio de sus derechos.<\/p>\n\n\n\n<p>El INPI, como sus organismos antecesores, surgi\u00f3 ante la necesidad de coordinar las acciones de pol\u00edtica social del estado, dirigida a los pueblos ind\u00edgenas, pero no para implementar pol\u00edticas educativas y culturales, apuntaron.<\/p>\n\n\n\n<p>Motivo por el que consideran que esta propuesta pone en riesgo la atenci\u00f3n ling\u00fc\u00edstica en la que se fundamenta la diversidad \u00e9tnica y ling\u00fc\u00edstica de nuestro pa\u00eds, lo cual que actualmente atiende el INALI.<\/p>\n\n\n\n<p>Las comunidades destacaron que son testigos de las acciones que cada instituci\u00f3n ha realizado en sus comunidades.<\/p>\n\n\n\n<p>Con el INALI trabajan en el rescate y preservaci\u00f3n de estas lenguas, acompa\u00f1ado de otras dependencias de los tres niveles de gobierno, como lo es, por ejemplo, por medio de firma del convenio Marco de Colaboraci\u00f3n y Coordinaci\u00f3n Interinstitucional para la Planificaci\u00f3n Ling\u00fc\u00edstica y Comunitaria signado en agosto del 2021 en San Juan Bautista Coixtlahuaca, con autoridades de 19 municipio de la naci\u00f3n Chocholteca, mientras que el INPI est\u00e1 orientadas al desarrollo de infraestructura.&nbsp;<\/p>\n","protected":false},"excerpt":{"rendered":"<p>Yuridiana Sosa\/Zona Roja. Oaxaca de Ju\u00e1rez, Oax., 22 de enero de 2022.-. Los pueblos originarios&hellip;<\/p>\n","protected":false},"author":2,"featured_media":36727,"comment_status":"closed","ping_status":"open","sticky":false,"template":"","format":"standard","meta":{"_lmt_disableupdate":"","_lmt_disable":"","_jetpack_memberships_contains_paid_content":false,"footnotes":""},"categories":[109,47],"tags":[],"class_list":["post-36726","post","type-post","status-publish","format-standard","has-post-thumbnail","hentry","category-minuto-a-minuto","category-zona-gris"],"jetpack_featured_media_url":"https:\/\/zonaroja.com.mx\/wp-content\/uploads\/2022\/01\/Posicionamiento-INALI.jpg","jetpack_sharing_enabled":true,"_links":{"self":[{"href":"https:\/\/zonaroja.com.mx\/index.php?rest_route=\/wp\/v2\/posts\/36726","targetHints":{"allow":["GET"]}}],"collection":[{"href":"https:\/\/zonaroja.com.mx\/index.php?rest_route=\/wp\/v2\/posts"}],"about":[{"href":"https:\/\/zonaroja.com.mx\/index.php?rest_route=\/wp\/v2\/types\/post"}],"author":[{"embeddable":true,"href":"https:\/\/zonaroja.com.mx\/index.php?rest_route=\/wp\/v2\/users\/2"}],"replies":[{"embeddable":true,"href":"https:\/\/zonaroja.com.mx\/index.php?rest_route=%2Fwp%2Fv2%2Fcomments&post=36726"}],"version-history":[{"count":1,"href":"https:\/\/zonaroja.com.mx\/index.php?rest_route=\/wp\/v2\/posts\/36726\/revisions"}],"predecessor-version":[{"id":36728,"href":"https:\/\/zonaroja.com.mx\/index.php?rest_route=\/wp\/v2\/posts\/36726\/revisions\/36728"}],"wp:featuredmedia":[{"embeddable":true,"href":"https:\/\/zonaroja.com.mx\/index.php?rest_route=\/wp\/v2\/media\/36727"}],"wp:attachment":[{"href":"https:\/\/zonaroja.com.mx\/index.php?rest_route=%2Fwp%2Fv2%2Fmedia&parent=36726"}],"wp:term":[{"taxonomy":"category","embeddable":true,"href":"https:\/\/zonaroja.com.mx\/index.php?rest_route=%2Fwp%2Fv2%2Fcategories&post=36726"},{"taxonomy":"post_tag","embeddable":true,"href":"https:\/\/zonaroja.com.mx\/index.php?rest_route=%2Fwp%2Fv2%2Ftags&post=36726"}],"curies":[{"name":"wp","href":"https:\/\/api.w.org\/{rel}","templated":true}]}}