{"id":3673,"date":"2019-09-04T18:38:42","date_gmt":"2019-09-04T23:38:42","guid":{"rendered":"http:\/\/www.zonaroja.com.mx\/?p=3673"},"modified":"2019-09-04T18:38:45","modified_gmt":"2019-09-04T23:38:45","slug":"ante-nulos-resultados-para-frenar-violencia-piden-destitucion-de-titular-de-smo","status":"publish","type":"post","link":"https:\/\/zonaroja.com.mx\/?p=3673","title":{"rendered":"Ante nulos resultados para frenar violencia, piden destituci\u00f3n de titular de SMO"},"content":{"rendered":"\n<p>Evlin Arag\u00f3n\/Zona\nRoja.<\/p>\n\n\n\n<p>Oaxaca de\nJu\u00e1rez, Oax., 4 de septiembre de 2019.- Debido a que \u201cno entiende de\nperspectiva de g\u00e9nero\u201d y no ha hecho nada para prevenir la violencia\nfeminicida, la diputada Magaly L\u00f3pez Dom\u00ednguez propuso un Punto de Acuerdo para\npedir al gobernador Alejandro Murat Hinojosa, la destituci\u00f3n de la titular de\nla Secretar\u00eda de las Mujeres Oaxaque\u00f1as (SMO), Ana V\u00e1squez Colmenares.<\/p>\n\n\n\n<p>En tribuna,\nla legisladora por el Partido Morena explic\u00f3 que recientemente, la funcionaria concedi\u00f3\nuna entrevista en la cual expuso que la soluci\u00f3n a la violencia feminicida no\nla podr\u00eda dar solo el gobierno, \u201cporque no est\u00e1 metido dentro de cada casa\u201d,\nas\u00ed como indic\u00f3 que \u201cla violencia es responsabilidad exclusiva de quien la\nejerce\u201d, en un segundo intento por evadir la responsabilidad de las autoridades\nal respecto.<\/p>\n\n\n\n<p>Ante dichas\ndeclaraciones, que calific\u00f3 de \u201canalfabetismo de g\u00e9nero\u201d, la diputada local\nexplic\u00f3 que es obvio que la responsable de la pol\u00edtica p\u00fablica a favor de las\nmujeres no intentar\u00e1 transformar las injustas relaciones de poder construidas\ncultural e hist\u00f3ricamente, que originan la violencia de g\u00e9nero.<\/p>\n\n\n\n<p>Mucho menos\ntomar\u00e1 medidas ni preventivas ni disuasivas debido a que desconoce la\nproblem\u00e1tica real y justifica la falta de acci\u00f3n de las autoridades. <\/p>\n\n\n\n<p>\u201cLa secretaria no puede aplicar la perspectiva de g\u00e9nero porque no la entiende; al no actuar con la perspectiva correcta permite que contin\u00fae la violencia de g\u00e9nero que deviene en feminicidios\u201d, se\u00f1al\u00f3 la diputada . <\/p>\n\n\n\n<figure class=\"wp-block-embed-twitter wp-block-embed is-type-rich is-provider-twitter\"><div class=\"wp-block-embed__wrapper\">\n<div class=\"twitter-tweet\"><blockquote class=\"twitter-tweet\" data-lang=\"es\"><p lang=\"es\" dir=\"ltr\">Ante la incapacidad para ejercer el cargo e impulsar programas para prevenir la violencia de g\u00e9nero, la diputada por Morena, <a href=\"https:\/\/twitter.com\/Magaly_LopezOax?ref_src=twsrc%5Etfw\">@Magaly_LopezOax<\/a>, pidi\u00f3 al Ejecutivo <a href=\"https:\/\/twitter.com\/alejandromurat?ref_src=twsrc%5Etfw\">@alejandromurat<\/a> la renuncia de la titular de la <a href=\"https:\/\/twitter.com\/SMO_GobOax?ref_src=twsrc%5Etfw\">@SMO_GobOax<\/a>, <a href=\"https:\/\/twitter.com\/anavasquezc?ref_src=twsrc%5Etfw\">@anavasquezc<\/a>. <a href=\"https:\/\/t.co\/p4iC3Ld4zt\">pic.twitter.com\/p4iC3Ld4zt<\/a><\/p>&mdash; Zona Roja Oaxaca (@MexRoja) <a href=\"https:\/\/twitter.com\/MexRoja\/status\/1169332966893477890?ref_src=twsrc%5Etfw\">4 de septiembre de 2019<\/a><\/blockquote><\/div>\n<\/div><\/figure>\n\n\n\n<p>En este\nmismo sentido, Magaly L\u00f3pez reproch\u00f3 a la funcionaria que, sin fundamento\nalguno, responsabilizara a las mujeres que se han manifestado recientemente de\n\u201cexacerbar los \u00e1nimos homicidas\u201d, siendo que las manifestaciones feministas lo\nque han hecho es por fin hacer visible la problem\u00e1tica, la falta de acci\u00f3n y la\nindolencia por parte de las autoridades.<\/p>\n\n\n\n<p>\u201cEste\ngrav\u00edsimo desprop\u00f3sito, el culpar al pueblo, el culpar a las defensoras de las\nv\u00edctimas, e incluso a las v\u00edctimas directas e indirectas que participan en esas\nmanifestaciones, no puede ser pasado por alto\u201d, se\u00f1al\u00f3.<\/p>\n\n\n\n<p>As\u00ed mismo,\nrefiri\u00f3 que no se trata de hacer mella \u00fanicamente de las desafortunadas\ndeclaraciones que emiti\u00f3 la funcionaria, sino de evidenciar que para estar en\nel cargo se necesita conocimiento sobre el tema de g\u00e9nero, ya que en este caso\nsu ignorancia est\u00e1 costando la vida de mujeres v\u00edctimas de la violencia\nfeminicida, problem\u00e1tica que las autoridades no han podido contener en\nOaxaca.&nbsp;&nbsp; <\/p>\n\n\n\n<p>\u201cLa\nignorancia mata. No la diamantina violeta. No las manifestaciones ni las\npintas. S\u00ed la ignorancia y la inacci\u00f3n.&nbsp;\nLa simulaci\u00f3n es asesina\u201d, sentencio ante el pleno. <\/p>\n\n\n\n<p>Por lo\nanterior pidi\u00f3 a sus compa\u00f1eras y compa\u00f1eros legisladores considerar la\npropuesta para solicitar la destituci\u00f3n de Ana V\u00e1squez como de urgente y obvia\nresoluci\u00f3n, dado que mientras m\u00e1s tiempo corra, m\u00e1s mujeres ser\u00e1n agredidas.<\/p>\n\n\n\n<p>Sin embargo,\ndurante las votaciones, en su mayor\u00eda del PRI e incluso de algunos morenistas,\n14 optaron por no considerarlo de obvia y urgente resoluci\u00f3n y 13 porque s\u00ed\nfuera analizado en la misma sesi\u00f3n ordinaria de este mi\u00e9rcoles.<\/p>\n\n\n\n<p>Entre quienes\nvotaron en contra de una resoluci\u00f3n \u00e1gil fueron el diputado por el PT, Sa\u00fal Cruz\nJim\u00e9nez y los morenistas Oth\u00f3n Cuevas C\u00f3rdova y Luis Alfonso Silva. No votaron\nEricel G\u00f3mez Nucamendi ni No\u00e9 Doroteo (PT), entre otros.<\/p>\n","protected":false},"excerpt":{"rendered":"<p>Evlin Arag\u00f3n\/Zona Roja. Oaxaca de Ju\u00e1rez, Oax., 4 de septiembre de 2019.- Debido a que&hellip;<\/p>\n","protected":false},"author":2,"featured_media":3674,"comment_status":"closed","ping_status":"open","sticky":false,"template":"","format":"standard","meta":{"_lmt_disableupdate":"","_lmt_disable":"","_jetpack_memberships_contains_paid_content":false,"footnotes":""},"categories":[109,47],"tags":[192,669],"class_list":["post-3673","post","type-post","status-publish","format-standard","has-post-thumbnail","hentry","category-minuto-a-minuto","category-zona-gris","tag-diputada-magaly-lopez-dominguez","tag-secretaria-de-las-mujeres-oaxaquenas"],"jetpack_featured_media_url":"https:\/\/zonaroja.com.mx\/wp-content\/uploads\/2019\/09\/IMG_4850.jpg","jetpack_sharing_enabled":true,"_links":{"self":[{"href":"https:\/\/zonaroja.com.mx\/index.php?rest_route=\/wp\/v2\/posts\/3673","targetHints":{"allow":["GET"]}}],"collection":[{"href":"https:\/\/zonaroja.com.mx\/index.php?rest_route=\/wp\/v2\/posts"}],"about":[{"href":"https:\/\/zonaroja.com.mx\/index.php?rest_route=\/wp\/v2\/types\/post"}],"author":[{"embeddable":true,"href":"https:\/\/zonaroja.com.mx\/index.php?rest_route=\/wp\/v2\/users\/2"}],"replies":[{"embeddable":true,"href":"https:\/\/zonaroja.com.mx\/index.php?rest_route=%2Fwp%2Fv2%2Fcomments&post=3673"}],"version-history":[{"count":1,"href":"https:\/\/zonaroja.com.mx\/index.php?rest_route=\/wp\/v2\/posts\/3673\/revisions"}],"predecessor-version":[{"id":3675,"href":"https:\/\/zonaroja.com.mx\/index.php?rest_route=\/wp\/v2\/posts\/3673\/revisions\/3675"}],"wp:featuredmedia":[{"embeddable":true,"href":"https:\/\/zonaroja.com.mx\/index.php?rest_route=\/wp\/v2\/media\/3674"}],"wp:attachment":[{"href":"https:\/\/zonaroja.com.mx\/index.php?rest_route=%2Fwp%2Fv2%2Fmedia&parent=3673"}],"wp:term":[{"taxonomy":"category","embeddable":true,"href":"https:\/\/zonaroja.com.mx\/index.php?rest_route=%2Fwp%2Fv2%2Fcategories&post=3673"},{"taxonomy":"post_tag","embeddable":true,"href":"https:\/\/zonaroja.com.mx\/index.php?rest_route=%2Fwp%2Fv2%2Ftags&post=3673"}],"curies":[{"name":"wp","href":"https:\/\/api.w.org\/{rel}","templated":true}]}}