{"id":36731,"date":"2022-01-22T19:44:33","date_gmt":"2022-01-23T01:44:33","guid":{"rendered":"http:\/\/www.zonaroja.com.mx\/?p=36731"},"modified":"2022-01-22T19:44:38","modified_gmt":"2022-01-23T01:44:38","slug":"si-es-de-tadeo-el-cuerpo-hallado-en-basurero-de-reclusorio-de-puebla","status":"publish","type":"post","link":"https:\/\/zonaroja.com.mx\/?p=36731","title":{"rendered":"S\u00ed es de Tadeo, el cuerpo hallado en basurero de reclusorio de Puebla"},"content":{"rendered":"\n<p>Redacci\u00f3n\/Zona Roja Cdmx.<\/p>\n\n\n\n<p>Ciudad de M\u00e9xico, 22 de enero de 2022.- El cuerpo hallado hace casi dos semanas en un contendedor de basura en un reclusorio de Puebla s\u00ed es de Tadeo, exhumado clandestinamente de un pante\u00f3n de Iztapalapa, Ciudad de M\u00e9xico.<\/p>\n\n\n\n<p>As\u00ed lo confirmaron esta tarde autoridades ministeriales del estado de Puebla, quienes adem\u00e1s revelaron que ya tienen el nombre de la persona que introdujo el cuerpo del beb\u00e9 al reclusorio, el pasado 10 de enero, aunque no dieron el nombre y hasta el momento no hay detenidos.<\/p>\n\n\n\n<p>Fue la activista Saskia Ni\u00f1o de Rivera quien dio las pistas de la identidad del menor de edad, quien naci\u00f3 el 4 de octubre de 2021 y, por problemas intestinales, muri\u00f3 el 5 de enero de este a\u00f1o; al d\u00eda siguiente fue enterrado en el pante\u00f3n de Iztapalapa.<\/p>\n\n\n\n<p>Este d\u00eda a trav\u00e9s de un comunicado, la Fiscal\u00eda General del Estado de Puebla inform\u00f3 que ya fue identificada la persona que deposit\u00f3 el cad\u00e1ver de un beb\u00e9 de tres meses en un basurero del penal de San Miguel.<\/p>\n\n\n\n<p>\u00abSe entrevistaron a la madre y padre del menor, se revisaron documentos relativos a la atenci\u00f3n m\u00e9dica, muerte e inhumaci\u00f3n del cuerpo, incluso se tomaron muestras biol\u00f3gicas para realizar el examen pericial gen\u00e9tico\u00bb, explic\u00f3.<\/p>\n\n\n\n<p>\u00abEl resultado obtenido el d\u00eda de hoy es que existe correspondencia entre el cuerpo del menor hallado en el contenedor de basura del Centro Penitenciario de Puebla y el de las dos personas entrevistadas, es decir, los que se ostentaron como padre y madre\u00bb.<\/p>\n\n\n\n<p>\u00abEn breve determinaremos las responsabilidades que en materia penal puedan atribuirse a quienes transportaron el cuerpo del menor en territorio del estado de Puebla, lo introdujeron al Centro Penitenciario, del trato que le hubieren dado al cuerpo y de quien lo deposit\u00f3 en el contenedor de basura\u00bb, inform\u00f3 la Fiscal\u00eda en un comunicado.<\/p>\n","protected":false},"excerpt":{"rendered":"<p>Redacci\u00f3n\/Zona Roja Cdmx. Ciudad de M\u00e9xico, 22 de enero de 2022.- El cuerpo hallado hace&hellip;<\/p>\n","protected":false},"author":2,"featured_media":36713,"comment_status":"closed","ping_status":"open","sticky":false,"template":"","format":"standard","meta":{"_lmt_disableupdate":"","_lmt_disable":"","_jetpack_memberships_contains_paid_content":false,"footnotes":""},"categories":[109,47],"tags":[],"class_list":["post-36731","post","type-post","status-publish","format-standard","has-post-thumbnail","hentry","category-minuto-a-minuto","category-zona-gris"],"jetpack_featured_media_url":"https:\/\/zonaroja.com.mx\/wp-content\/uploads\/2022\/01\/Reclusorio-Puebla.jpg","jetpack_sharing_enabled":true,"_links":{"self":[{"href":"https:\/\/zonaroja.com.mx\/index.php?rest_route=\/wp\/v2\/posts\/36731","targetHints":{"allow":["GET"]}}],"collection":[{"href":"https:\/\/zonaroja.com.mx\/index.php?rest_route=\/wp\/v2\/posts"}],"about":[{"href":"https:\/\/zonaroja.com.mx\/index.php?rest_route=\/wp\/v2\/types\/post"}],"author":[{"embeddable":true,"href":"https:\/\/zonaroja.com.mx\/index.php?rest_route=\/wp\/v2\/users\/2"}],"replies":[{"embeddable":true,"href":"https:\/\/zonaroja.com.mx\/index.php?rest_route=%2Fwp%2Fv2%2Fcomments&post=36731"}],"version-history":[{"count":1,"href":"https:\/\/zonaroja.com.mx\/index.php?rest_route=\/wp\/v2\/posts\/36731\/revisions"}],"predecessor-version":[{"id":36732,"href":"https:\/\/zonaroja.com.mx\/index.php?rest_route=\/wp\/v2\/posts\/36731\/revisions\/36732"}],"wp:featuredmedia":[{"embeddable":true,"href":"https:\/\/zonaroja.com.mx\/index.php?rest_route=\/wp\/v2\/media\/36713"}],"wp:attachment":[{"href":"https:\/\/zonaroja.com.mx\/index.php?rest_route=%2Fwp%2Fv2%2Fmedia&parent=36731"}],"wp:term":[{"taxonomy":"category","embeddable":true,"href":"https:\/\/zonaroja.com.mx\/index.php?rest_route=%2Fwp%2Fv2%2Fcategories&post=36731"},{"taxonomy":"post_tag","embeddable":true,"href":"https:\/\/zonaroja.com.mx\/index.php?rest_route=%2Fwp%2Fv2%2Ftags&post=36731"}],"curies":[{"name":"wp","href":"https:\/\/api.w.org\/{rel}","templated":true}]}}