{"id":36733,"date":"2022-01-22T19:54:31","date_gmt":"2022-01-23T01:54:31","guid":{"rendered":"http:\/\/www.zonaroja.com.mx\/?p=36733"},"modified":"2022-01-22T19:54:33","modified_gmt":"2022-01-23T01:54:33","slug":"asesinan-a-un-individuo-en-comunidad-de-la-costa-oaxaquena","status":"publish","type":"post","link":"https:\/\/zonaroja.com.mx\/?p=36733","title":{"rendered":"Asesinan a un individuo en comunidad de la Costa oaxaque\u00f1a"},"content":{"rendered":"\n<p>Redacci\u00f3n\/Zona Roja.<\/p>\n\n\n\n<p>Oaxaca de Ju\u00e1rez, Oax., 22 de enero de 2022.- En la zona de la Costa chica de Oaxaca contin\u00faan ocurriendo cr\u00edmenes de manera frecuente.<\/p>\n\n\n\n<p>Este s\u00e1bado, en el municipio de Santa Catarina Mechoac\u00e1n fue asesinado un individuo, identificado de manera preliminar como P. C. L., de aproximadamente 33 a\u00f1os de edad.<\/p>\n\n\n\n<p>Fue en las afueras de la comunidad en que una o varias personas lo acribillaron a balazos, tras lo cual huyeron. Personal de la Vicefiscal\u00eda Regional de la Costa indaga el paradero del o los probables delincuentes, as\u00ed como las razones por las cuales fue ultimada la v\u00edctima.<\/p>\n","protected":false},"excerpt":{"rendered":"<p>Redacci\u00f3n\/Zona Roja. Oaxaca de Ju\u00e1rez, Oax., 22 de enero de 2022.- En la zona de&hellip;<\/p>\n","protected":false},"author":2,"featured_media":30407,"comment_status":"closed","ping_status":"open","sticky":false,"template":"","format":"standard","meta":{"_lmt_disableupdate":"","_lmt_disable":"","_jetpack_memberships_contains_paid_content":false,"footnotes":""},"categories":[109,51],"tags":[581],"class_list":["post-36733","post","type-post","status-publish","format-standard","has-post-thumbnail","hentry","category-minuto-a-minuto","category-zona-roja","tag-santa-catarina-mechoacan"],"jetpack_featured_media_url":"https:\/\/zonaroja.com.mx\/wp-content\/uploads\/2021\/08\/Escena-del-crimen-homicidio-violencia.jpg","jetpack_sharing_enabled":true,"_links":{"self":[{"href":"https:\/\/zonaroja.com.mx\/index.php?rest_route=\/wp\/v2\/posts\/36733","targetHints":{"allow":["GET"]}}],"collection":[{"href":"https:\/\/zonaroja.com.mx\/index.php?rest_route=\/wp\/v2\/posts"}],"about":[{"href":"https:\/\/zonaroja.com.mx\/index.php?rest_route=\/wp\/v2\/types\/post"}],"author":[{"embeddable":true,"href":"https:\/\/zonaroja.com.mx\/index.php?rest_route=\/wp\/v2\/users\/2"}],"replies":[{"embeddable":true,"href":"https:\/\/zonaroja.com.mx\/index.php?rest_route=%2Fwp%2Fv2%2Fcomments&post=36733"}],"version-history":[{"count":1,"href":"https:\/\/zonaroja.com.mx\/index.php?rest_route=\/wp\/v2\/posts\/36733\/revisions"}],"predecessor-version":[{"id":36734,"href":"https:\/\/zonaroja.com.mx\/index.php?rest_route=\/wp\/v2\/posts\/36733\/revisions\/36734"}],"wp:featuredmedia":[{"embeddable":true,"href":"https:\/\/zonaroja.com.mx\/index.php?rest_route=\/wp\/v2\/media\/30407"}],"wp:attachment":[{"href":"https:\/\/zonaroja.com.mx\/index.php?rest_route=%2Fwp%2Fv2%2Fmedia&parent=36733"}],"wp:term":[{"taxonomy":"category","embeddable":true,"href":"https:\/\/zonaroja.com.mx\/index.php?rest_route=%2Fwp%2Fv2%2Fcategories&post=36733"},{"taxonomy":"post_tag","embeddable":true,"href":"https:\/\/zonaroja.com.mx\/index.php?rest_route=%2Fwp%2Fv2%2Ftags&post=36733"}],"curies":[{"name":"wp","href":"https:\/\/api.w.org\/{rel}","templated":true}]}}