{"id":36735,"date":"2022-01-23T07:03:54","date_gmt":"2022-01-23T13:03:54","guid":{"rendered":"http:\/\/www.zonaroja.com.mx\/?p=36735"},"modified":"2022-01-23T07:03:57","modified_gmt":"2022-01-23T13:03:57","slug":"contribuye-la-uabjo-en-jornada-de-vacunacion-contra-el-covid-19","status":"publish","type":"post","link":"https:\/\/zonaroja.com.mx\/?p=36735","title":{"rendered":"Contribuye la UABJO en jornada de vacunaci\u00f3n contra el Covid-19"},"content":{"rendered":"\n<p>Redacci\u00f3n\/Zona Roja.<\/p>\n\n\n\n<p>Oaxaca de Ju\u00e1rez, Oax., 23 de enero de 2022.- Como parte del compromiso por la salud de la sociedad oaxaque\u00f1a y previo al retorno a las actividades presenciales, personal docente y administrativo de la Universidad Aut\u00f3noma \u201cBenito Ju\u00e1rez\u201d de Oaxaca (UABJO), acudi\u00f3 a la aplicaci\u00f3n de la dosis de refuerzo de la vacuna contra Covid-19.<\/p>\n\n\n\n<p>As\u00ed tambi\u00e9n, un gran n\u00famero de estudiantes apoy\u00f3 en la log\u00edstica de esta acci\u00f3n conjunta entre los gobiernos federal y estatal.<\/p>\n\n\n\n<p>De esta manera, durante tres d\u00edas en la sede instalada en el Gimnasio Universitario de C.U., se aplicaron cerca de 30 mil dosis del biol\u00f3gico Moderna a personal del sector educativo y de esta casa de estudios, quienes asistieron de manera responsable y conforme a las indicaciones establecidas.<\/p>\n\n\n\n<p>En el inicio de la jornada, el rector Eduardo Bautista Mart\u00ednez, en compa\u00f1\u00eda de la delegada de los Programas de Bienestar del Gobierno Federal, Nancy Ortiz Cabrera, supervisaron las actividades con el \u00e1nimo garantizar una atenci\u00f3n de calidad.<\/p>\n\n\n\n<p>En su participaci\u00f3n, el rector celebr\u00f3 la suma de esfuerzos interinstitucionales para seguir avanzando contra la pandemia y hacia la reanudaci\u00f3n de actividades presenciales, de manera gradual y ordenada, con estricto apego a las medidas sanitarias establecidas por las autoridades indicadas.<\/p>\n\n\n\n<p>Por su parte, la delegada, agradeci\u00f3 el apoyo recibido de la Universidad, durante todo este tiempo a trav\u00e9s del uso de sus instalaciones, as\u00ed como con personal de apoyo para log\u00edstica, lo cual ha permitido la aplicaci\u00f3n de la vacuna a la sociedad abierta en todos los rangos de edad y para el sector educativo.<\/p>\n\n\n\n<p>En esta ocasi\u00f3n las y los estudiantes colaboraron en las mesas de registro, ingreso y sanitizaci\u00f3n en los centros instalados en el Instituto Tecnol\u00f3gico de Oaxaca, en el Gimnasio Universitario y en Huajuapan de Le\u00f3n, destinados al sector educativo.<\/p>\n\n\n\n<p>As\u00ed como en los que se ubicaron en Salina Cruz y Santo Domingo Tehuantepec, donde se atendieron a personas de la tercera edad.<\/p>\n\n\n\n<figure class=\"wp-block-image size-full\"><a href=\"http:\/\/www.zonaroja.com.mx\/wp-content\/uploads\/2022\/01\/Aplicacion-vacuna-contra-covid-coronavirus.jpg\" data-rel=\"penci-gallery-image-content\" ><img decoding=\"async\" width=\"1000\" height=\"666\" src=\"http:\/\/www.zonaroja.com.mx\/wp-content\/uploads\/2022\/01\/Aplicacion-vacuna-contra-covid-coronavirus.jpg\" alt=\"\" class=\"wp-image-36737\" srcset=\"https:\/\/zonaroja.com.mx\/wp-content\/uploads\/2022\/01\/Aplicacion-vacuna-contra-covid-coronavirus.jpg 1000w, https:\/\/zonaroja.com.mx\/wp-content\/uploads\/2022\/01\/Aplicacion-vacuna-contra-covid-coronavirus-300x200.jpg 300w, https:\/\/zonaroja.com.mx\/wp-content\/uploads\/2022\/01\/Aplicacion-vacuna-contra-covid-coronavirus-768x511.jpg 768w, https:\/\/zonaroja.com.mx\/wp-content\/uploads\/2022\/01\/Aplicacion-vacuna-contra-covid-coronavirus-585x390.jpg 585w, https:\/\/zonaroja.com.mx\/wp-content\/uploads\/2022\/01\/Aplicacion-vacuna-contra-covid-coronavirus-263x175.jpg 263w\" sizes=\"(max-width: 1000px) 100vw, 1000px\" \/><\/a><\/figure>\n","protected":false},"excerpt":{"rendered":"<p>Redacci\u00f3n\/Zona Roja. Oaxaca de Ju\u00e1rez, Oax., 23 de enero de 2022.- Como parte del compromiso&hellip;<\/p>\n","protected":false},"author":2,"featured_media":36736,"comment_status":"closed","ping_status":"open","sticky":false,"template":"","format":"standard","meta":{"_lmt_disableupdate":"","_lmt_disable":"","_jetpack_memberships_contains_paid_content":false,"footnotes":""},"categories":[109,46],"tags":[360],"class_list":["post-36735","post","type-post","status-publish","format-standard","has-post-thumbnail","hentry","category-minuto-a-minuto","category-zona-blanca","tag-rector-eduardo-bautista-martinez"],"jetpack_featured_media_url":"https:\/\/zonaroja.com.mx\/wp-content\/uploads\/2022\/01\/Rector-UABJO-y-vacunas.jpg","jetpack_sharing_enabled":true,"_links":{"self":[{"href":"https:\/\/zonaroja.com.mx\/index.php?rest_route=\/wp\/v2\/posts\/36735","targetHints":{"allow":["GET"]}}],"collection":[{"href":"https:\/\/zonaroja.com.mx\/index.php?rest_route=\/wp\/v2\/posts"}],"about":[{"href":"https:\/\/zonaroja.com.mx\/index.php?rest_route=\/wp\/v2\/types\/post"}],"author":[{"embeddable":true,"href":"https:\/\/zonaroja.com.mx\/index.php?rest_route=\/wp\/v2\/users\/2"}],"replies":[{"embeddable":true,"href":"https:\/\/zonaroja.com.mx\/index.php?rest_route=%2Fwp%2Fv2%2Fcomments&post=36735"}],"version-history":[{"count":1,"href":"https:\/\/zonaroja.com.mx\/index.php?rest_route=\/wp\/v2\/posts\/36735\/revisions"}],"predecessor-version":[{"id":36738,"href":"https:\/\/zonaroja.com.mx\/index.php?rest_route=\/wp\/v2\/posts\/36735\/revisions\/36738"}],"wp:featuredmedia":[{"embeddable":true,"href":"https:\/\/zonaroja.com.mx\/index.php?rest_route=\/wp\/v2\/media\/36736"}],"wp:attachment":[{"href":"https:\/\/zonaroja.com.mx\/index.php?rest_route=%2Fwp%2Fv2%2Fmedia&parent=36735"}],"wp:term":[{"taxonomy":"category","embeddable":true,"href":"https:\/\/zonaroja.com.mx\/index.php?rest_route=%2Fwp%2Fv2%2Fcategories&post=36735"},{"taxonomy":"post_tag","embeddable":true,"href":"https:\/\/zonaroja.com.mx\/index.php?rest_route=%2Fwp%2Fv2%2Ftags&post=36735"}],"curies":[{"name":"wp","href":"https:\/\/api.w.org\/{rel}","templated":true}]}}