{"id":36742,"date":"2022-01-23T07:27:15","date_gmt":"2022-01-23T13:27:15","guid":{"rendered":"http:\/\/www.zonaroja.com.mx\/?p=36742"},"modified":"2022-01-23T07:27:18","modified_gmt":"2022-01-23T13:27:18","slug":"avanza-indagatoria-del-caso-de-adolescente-violada-habria-sido-su-padrastro","status":"publish","type":"post","link":"https:\/\/zonaroja.com.mx\/?p=36742","title":{"rendered":"Avanza indagatoria del caso de adolescente violada; habr\u00eda sido su padrastro"},"content":{"rendered":"\n<p>Redacci\u00f3n\/Zona Roja.<\/p>\n\n\n\n<p>Oaxaca de Ju\u00e1rez, Oax., 23 de enero de 2022.- La adolescente Getseman\u00ed Q. R. habr\u00eda sido abusada sexualmente por su padrastro, pero adem\u00e1s, con anterioridad era golpeada constantemente por su madre, quien finalmente la cedi\u00f3 a una persona.<\/p>\n\n\n\n<p>Son parte de las indagatorias de la Fiscal\u00eda General del Estado de Oaxaca, que confirm\u00f3 que el Juez de Control del Tribunal Superior de Justicia de Oaxaca (TSJO) con sede en Pinotepa Nacional, ratific\u00f3 de legal la medida de protecci\u00f3n brindada a favor de la adolescente de 17 a\u00f1os &#8211;y a su hija reci\u00e9n nacida&#8211;, v\u00edctima de violaci\u00f3n en una La Soledad, San Juan Colorado.<\/p>\n\n\n\n<p>Seg\u00fan el avance de las investigaciones, tuvo un beb\u00e9 producto del abuso sexual y antes de dar a luz, fue probablemente vendida a un individuo de la misma poblaci\u00f3n, quien s\u00f3lo buscaba quedarse con el hijo de la adolescente.<\/p>\n\n\n\n<p>Tras las denuncias e intervenci\u00f3n de la Fiscal\u00eda General con sede en Pinotepa Nacional, fue trasladada a la ciudad de Oaxaca, acompa\u00f1ada de su t\u00edo Rafael, y con pleno conocimiento de sus familiares, donde se encuentra bajo resguardo y atenci\u00f3n m\u00e9dica y psicol\u00f3gica.<\/p>\n\n\n\n<p>&nbsp;Ayer en un comunicado, la Fiscal\u00eda detall\u00f3 que entre las resoluciones se destaca que la autoridad ministerial cuenta con 60 d\u00edas para la vigencia de la medida y que se contin\u00fae con la investigaci\u00f3n para, en su momento, determinar lo procedente o en su caso ampliar el t\u00e9rmino.<\/p>\n\n\n\n<p>Asimismo, dar\u00e1 seguimiento a las necesidades de las menores, as\u00ed como a las \u00f3rdenes establecidas en las fracciones III y IV de la Ley General de Acceso de las Mujeres a una Vida Libre de Violencia.<\/p>\n\n\n\n<p>En tanto, la Fiscal\u00eda da seguimiento al caso y realiza las acciones de protecci\u00f3n correspondientes para la v\u00edctima y su hija reci\u00e9n nacida, atendiendo al inter\u00e9s superior de la ni\u00f1ez.<\/p>\n\n\n\n<p>\u201cInstitucionalmente se realizan los actos de investigaci\u00f3n correspondientes ce\u00f1idos a los protocolos de g\u00e9nero pertinentes para garantizar la integridad y los derechos humanos de la v\u00edctima y su hija reci\u00e9n nacida, adem\u00e1s de realizar las acciones necesarias para esclarecer el hecho y sancionar a qui\u00e9n o qui\u00e9nes resulten responsables\u201d, detall\u00f3.<\/p>\n\n\n\n<p>En tanto, ambas mujeres se encuentran en un refugio seguro, con las condiciones de bienestar que requieren y contin\u00faan este proceso juntas, recibiendo los servicios integrales brindados por el Centro de Justicia para las Mujeres (CEJUM) de la Fiscal\u00eda General del Estado de Oaxaca.<\/p>\n\n\n\n<p>La instituci\u00f3n brinda acompa\u00f1amiento psicol\u00f3gico y jur\u00eddico de manera permanente a la adolescente y a su hija, priorizando sus necesidades particulares.<\/p>\n","protected":false},"excerpt":{"rendered":"<p>Redacci\u00f3n\/Zona Roja. Oaxaca de Ju\u00e1rez, Oax., 23 de enero de 2022.- La adolescente Getseman\u00ed Q.&hellip;<\/p>\n","protected":false},"author":2,"featured_media":36685,"comment_status":"closed","ping_status":"open","sticky":false,"template":"","format":"standard","meta":{"_lmt_disableupdate":"","_lmt_disable":"","_jetpack_memberships_contains_paid_content":false,"footnotes":""},"categories":[109,47],"tags":[1878],"class_list":["post-36742","post","type-post","status-publish","format-standard","has-post-thumbnail","hentry","category-minuto-a-minuto","category-zona-gris","tag-san-juan-colorado"],"jetpack_featured_media_url":"https:\/\/zonaroja.com.mx\/wp-content\/uploads\/2022\/01\/Getsemani-Quiroz-Jarcia-San-Juan-Colorado.jpg","jetpack_sharing_enabled":true,"_links":{"self":[{"href":"https:\/\/zonaroja.com.mx\/index.php?rest_route=\/wp\/v2\/posts\/36742","targetHints":{"allow":["GET"]}}],"collection":[{"href":"https:\/\/zonaroja.com.mx\/index.php?rest_route=\/wp\/v2\/posts"}],"about":[{"href":"https:\/\/zonaroja.com.mx\/index.php?rest_route=\/wp\/v2\/types\/post"}],"author":[{"embeddable":true,"href":"https:\/\/zonaroja.com.mx\/index.php?rest_route=\/wp\/v2\/users\/2"}],"replies":[{"embeddable":true,"href":"https:\/\/zonaroja.com.mx\/index.php?rest_route=%2Fwp%2Fv2%2Fcomments&post=36742"}],"version-history":[{"count":1,"href":"https:\/\/zonaroja.com.mx\/index.php?rest_route=\/wp\/v2\/posts\/36742\/revisions"}],"predecessor-version":[{"id":36743,"href":"https:\/\/zonaroja.com.mx\/index.php?rest_route=\/wp\/v2\/posts\/36742\/revisions\/36743"}],"wp:featuredmedia":[{"embeddable":true,"href":"https:\/\/zonaroja.com.mx\/index.php?rest_route=\/wp\/v2\/media\/36685"}],"wp:attachment":[{"href":"https:\/\/zonaroja.com.mx\/index.php?rest_route=%2Fwp%2Fv2%2Fmedia&parent=36742"}],"wp:term":[{"taxonomy":"category","embeddable":true,"href":"https:\/\/zonaroja.com.mx\/index.php?rest_route=%2Fwp%2Fv2%2Fcategories&post=36742"},{"taxonomy":"post_tag","embeddable":true,"href":"https:\/\/zonaroja.com.mx\/index.php?rest_route=%2Fwp%2Fv2%2Ftags&post=36742"}],"curies":[{"name":"wp","href":"https:\/\/api.w.org\/{rel}","templated":true}]}}