{"id":36751,"date":"2022-01-23T18:55:29","date_gmt":"2022-01-24T00:55:29","guid":{"rendered":"http:\/\/www.zonaroja.com.mx\/?p=36751"},"modified":"2022-01-23T18:55:32","modified_gmt":"2022-01-24T00:55:32","slug":"culminan-en-oaxaca-rodada-de-24-horas-por-la-seguridad-vial","status":"publish","type":"post","link":"https:\/\/zonaroja.com.mx\/?p=36751","title":{"rendered":"Culminan en Oaxaca rodada de 24 horas por la seguridad vial"},"content":{"rendered":"\n<p>Yuridiana Sosa\/Zona Roja.<\/p>\n\n\n\n<p>Oaxaca de Ju\u00e1rez, Oax., 23 de enero de 2022.- Decenas de ciclistas en Oaxaca se unieron en una jornada nacional de 24 horas en pro de una movilidad segura y en memoria de las v\u00edctimas mortales de la inconsciencia vial.<\/p>\n\n\n\n<p>Durante este fin de semana los activistas recorrieron las ciclov\u00edas que los gobiernos municipales y estatal, por medio de la Secretar\u00eda de Movilidad (Semovi), han creado en la capital y zona conurbada, con el fin de concientizar a la poblaci\u00f3n sobre el respeto y uso correcto de esta vialidad.<\/p>\n\n\n\n<p>Ita Como, l\u00edder estatal de \u201cFridas en Bici Oaxaca\u201d, reconoci\u00f3 el avance importante en la ampliaci\u00f3n de ciclov\u00edas que brindan mayor seguridad a los que ocupan la bici como medio de transporte y de forma recreativa.<\/p>\n\n\n\n<figure class=\"wp-block-embed is-type-rich is-provider-twitter wp-block-embed-twitter\"><div class=\"wp-block-embed__wrapper\">\n<div class=\"twitter-tweet\"><blockquote class=\"twitter-tweet\" data-lang=\"es\"><p lang=\"es\" dir=\"ltr\">Ita Como, dirigente del colectivo \u201cFridas en Bici Oaxaca\u201d destaca la jornada de rodada por 24 horas en la entidad. <br>Asimismo, reconoce la iniciativa de ampliar ciclov\u00edas en la capital y zona conurbada, impulsada por la <a href=\"https:\/\/twitter.com\/SEMOVI_GobOax?ref_src=twsrc%5Etfw\">@SEMOVI_GobOax<\/a>. <a href=\"https:\/\/t.co\/MgHocJwogz\">pic.twitter.com\/MgHocJwogz<\/a><\/p>&mdash; Zona Roja Oaxaca (@Zona_Roja_Oax) <a href=\"https:\/\/twitter.com\/Zona_Roja_Oax\/status\/1485351903106154508?ref_src=twsrc%5Etfw\">23 de enero de 2022<\/a><\/blockquote><\/div>\n<\/div><\/figure>\n\n\n\n<p>La ciclista y activista apost\u00f3 para que en breve tiempo crezca la aceptaci\u00f3n de los automovilistas sobre la apertura de m\u00e1s v\u00edas para los usuarios de las bicicletas, pues es importante aprender a convivir en el \u00e1mbito de la movilidad vial.<\/p>\n\n\n\n<p>En esta actividad de 24 horas participaron el Colectivo \u201cGabi Bici Blanca\u201d, \u201cRodarte Oaxaca\u201d, \u201cBicirrukos\u201d, \u201cTlayudas Do\u00f1a Flavia\u201d, \u201cFrida en Bici Oaxaca\u201d; entre otras zonas, recorrieron la ciclov\u00eda en el norte de la capital, calzada Madero, avenida Independencia, Avenida Universidad con direcci\u00f3n a Santa Mar\u00eda El Tule y de regreso a la capital.<\/p>\n\n\n\n<p>En el recorrido honraron la memoria de Gabi Soto, Jacinto Le\u00f3n, Manu Vara, entre otros ciudadanos que murieron en uso de la bici por la imprudencia de otro conductor.<\/p>\n\n\n\n<figure class=\"wp-block-embed is-type-rich is-provider-twitter wp-block-embed-twitter\"><div class=\"wp-block-embed__wrapper\">\n<div class=\"twitter-tweet\"><blockquote class=\"twitter-tweet\" data-lang=\"es\"><p lang=\"es\" dir=\"ltr\"><a href=\"https:\/\/twitter.com\/hashtag\/%C3%9AltimoMinuto?src=hash&amp;ref_src=twsrc%5Etfw\">#\u00daltimoMinuto<\/a> <br>Este mediod\u00eda y desde la zona norte de la ciudad de <a href=\"https:\/\/twitter.com\/hashtag\/Oaxaca?src=hash&amp;ref_src=twsrc%5Etfw\">#Oaxaca<\/a>, sali\u00f3 el relevo del colectivo \u201cFridas en Bici Oaxaca\u201d, como parte de la jornada de 24 horas de rodada nacional por una movilidad m\u00e1s segura para este tipo de transporte. <a href=\"https:\/\/t.co\/sVCWlVdXvL\">pic.twitter.com\/sVCWlVdXvL<\/a><\/p>&mdash; Zona Roja Oaxaca (@Zona_Roja_Oax) <a href=\"https:\/\/twitter.com\/Zona_Roja_Oax\/status\/1485316435924635648?ref_src=twsrc%5Etfw\">23 de enero de 2022<\/a><\/blockquote><\/div>\n<\/div><\/figure>\n","protected":false},"excerpt":{"rendered":"<p>Yuridiana Sosa\/Zona Roja. Oaxaca de Ju\u00e1rez, Oax., 23 de enero de 2022.- Decenas de ciclistas&hellip;<\/p>\n","protected":false},"author":2,"featured_media":36752,"comment_status":"closed","ping_status":"open","sticky":false,"template":"","format":"standard","meta":{"_lmt_disableupdate":"","_lmt_disable":"","_jetpack_memberships_contains_paid_content":false,"footnotes":""},"categories":[109,46],"tags":[],"class_list":["post-36751","post","type-post","status-publish","format-standard","has-post-thumbnail","hentry","category-minuto-a-minuto","category-zona-blanca"],"jetpack_featured_media_url":"https:\/\/zonaroja.com.mx\/wp-content\/uploads\/2022\/01\/Rodada-ciclista-Oaxaca.jpg","jetpack_sharing_enabled":true,"_links":{"self":[{"href":"https:\/\/zonaroja.com.mx\/index.php?rest_route=\/wp\/v2\/posts\/36751","targetHints":{"allow":["GET"]}}],"collection":[{"href":"https:\/\/zonaroja.com.mx\/index.php?rest_route=\/wp\/v2\/posts"}],"about":[{"href":"https:\/\/zonaroja.com.mx\/index.php?rest_route=\/wp\/v2\/types\/post"}],"author":[{"embeddable":true,"href":"https:\/\/zonaroja.com.mx\/index.php?rest_route=\/wp\/v2\/users\/2"}],"replies":[{"embeddable":true,"href":"https:\/\/zonaroja.com.mx\/index.php?rest_route=%2Fwp%2Fv2%2Fcomments&post=36751"}],"version-history":[{"count":1,"href":"https:\/\/zonaroja.com.mx\/index.php?rest_route=\/wp\/v2\/posts\/36751\/revisions"}],"predecessor-version":[{"id":36753,"href":"https:\/\/zonaroja.com.mx\/index.php?rest_route=\/wp\/v2\/posts\/36751\/revisions\/36753"}],"wp:featuredmedia":[{"embeddable":true,"href":"https:\/\/zonaroja.com.mx\/index.php?rest_route=\/wp\/v2\/media\/36752"}],"wp:attachment":[{"href":"https:\/\/zonaroja.com.mx\/index.php?rest_route=%2Fwp%2Fv2%2Fmedia&parent=36751"}],"wp:term":[{"taxonomy":"category","embeddable":true,"href":"https:\/\/zonaroja.com.mx\/index.php?rest_route=%2Fwp%2Fv2%2Fcategories&post=36751"},{"taxonomy":"post_tag","embeddable":true,"href":"https:\/\/zonaroja.com.mx\/index.php?rest_route=%2Fwp%2Fv2%2Ftags&post=36751"}],"curies":[{"name":"wp","href":"https:\/\/api.w.org\/{rel}","templated":true}]}}