{"id":36754,"date":"2022-01-23T21:25:18","date_gmt":"2022-01-24T03:25:18","guid":{"rendered":"http:\/\/www.zonaroja.com.mx\/?p=36754"},"modified":"2022-01-23T21:25:21","modified_gmt":"2022-01-24T03:25:21","slug":"en-un-semana-aumento-62-los-casos-de-covid-en-oaxaca","status":"publish","type":"post","link":"https:\/\/zonaroja.com.mx\/?p=36754","title":{"rendered":"En un semana aument\u00f3 62% los casos de Covid en Oaxaca"},"content":{"rendered":"\n<p>Redacci\u00f3n\/Zona Roja.<\/p>\n\n\n\n<p>Oaxaca de Ju\u00e1rez, Oax. 23 de enero de 2022.- Los Servicios de Salud de Oaxaca reportaron que, durante el per\u00edodo comprendido del 16 al 22 de enero, la entidad registr\u00f3 un acumulado de 94 mil 300 casos confirmados de Covid-19, observando un incremento del 62%, pasando de tres mil 467 a cinco mil 617 registros esta semana.<\/p>\n\n\n\n<p>Por su parte, el promedio de ocupaci\u00f3n hospitalaria para la atenci\u00f3n a pacientes con complicaciones derivadas de esta enfermedad fue de 31.2% y se reportaron 20 desafortunados decesos a causa de esta patolog\u00eda respiratoria, subray\u00f3.<\/p>\n\n\n\n<p>En un comunicado, la instituci\u00f3n detall\u00f3 que, siguiendo la Estrategia de la Pol\u00edtica Nacional de Vacunaci\u00f3n contra el virus SARS-CoV-2 para la prevenci\u00f3n de la Covid-19 en M\u00e9xico, se aplicaron 108 mil 438 dosis, de las cuales 96 mil 246 fueron de la farmac\u00e9utica AstraZeneca para la poblaci\u00f3n mayor de 18 a\u00f1os y 12 mil 192 del biol\u00f3gico Pfizer BioNTech para el personal de salud.<\/p>\n\n\n\n<p>Asimismo, con base al \u00abLineamiento para la estimaci\u00f3n de riesgos del sem\u00e1foro por regiones Covid-19\u00bb emitido por el Gobierno Federal, Oaxaca permanecer\u00e1 en color verde del lunes 24 de enero hasta el domingo 6 de febrero del a\u00f1o en curso y aunque el riesgo es bajo, \u201cdebemos continuar aplicando todas las medidas de prevenci\u00f3n\u201d, indic\u00f3.<\/p>\n\n\n\n<p>En este sentido, extern\u00f3 que se mantienen vigentes: el uso del cubrebocas, la sana distancia, el lavado de manos frecuente con agua y jab\u00f3n, as\u00ed como evitar acudir a eventos masivos, porque la pandemia sigue activa en las ocho regiones de la entidad y no es tiempo de relajar estas medidas sanitarias.<\/p>\n","protected":false},"excerpt":{"rendered":"<p>Redacci\u00f3n\/Zona Roja. Oaxaca de Ju\u00e1rez, Oax. 23 de enero de 2022.- Los Servicios de Salud&hellip;<\/p>\n","protected":false},"author":2,"featured_media":36755,"comment_status":"closed","ping_status":"open","sticky":false,"template":"","format":"standard","meta":{"_lmt_disableupdate":"","_lmt_disable":"","_jetpack_memberships_contains_paid_content":false,"footnotes":""},"categories":[109,47],"tags":[1512],"class_list":["post-36754","post","type-post","status-publish","format-standard","has-post-thumbnail","hentry","category-minuto-a-minuto","category-zona-gris","tag-coronavirus-oaxaca"],"jetpack_featured_media_url":"https:\/\/zonaroja.com.mx\/wp-content\/uploads\/2022\/01\/Coronavirus-turistas-Oaxaca-covid.png","jetpack_sharing_enabled":true,"_links":{"self":[{"href":"https:\/\/zonaroja.com.mx\/index.php?rest_route=\/wp\/v2\/posts\/36754","targetHints":{"allow":["GET"]}}],"collection":[{"href":"https:\/\/zonaroja.com.mx\/index.php?rest_route=\/wp\/v2\/posts"}],"about":[{"href":"https:\/\/zonaroja.com.mx\/index.php?rest_route=\/wp\/v2\/types\/post"}],"author":[{"embeddable":true,"href":"https:\/\/zonaroja.com.mx\/index.php?rest_route=\/wp\/v2\/users\/2"}],"replies":[{"embeddable":true,"href":"https:\/\/zonaroja.com.mx\/index.php?rest_route=%2Fwp%2Fv2%2Fcomments&post=36754"}],"version-history":[{"count":1,"href":"https:\/\/zonaroja.com.mx\/index.php?rest_route=\/wp\/v2\/posts\/36754\/revisions"}],"predecessor-version":[{"id":36756,"href":"https:\/\/zonaroja.com.mx\/index.php?rest_route=\/wp\/v2\/posts\/36754\/revisions\/36756"}],"wp:featuredmedia":[{"embeddable":true,"href":"https:\/\/zonaroja.com.mx\/index.php?rest_route=\/wp\/v2\/media\/36755"}],"wp:attachment":[{"href":"https:\/\/zonaroja.com.mx\/index.php?rest_route=%2Fwp%2Fv2%2Fmedia&parent=36754"}],"wp:term":[{"taxonomy":"category","embeddable":true,"href":"https:\/\/zonaroja.com.mx\/index.php?rest_route=%2Fwp%2Fv2%2Fcategories&post=36754"},{"taxonomy":"post_tag","embeddable":true,"href":"https:\/\/zonaroja.com.mx\/index.php?rest_route=%2Fwp%2Fv2%2Ftags&post=36754"}],"curies":[{"name":"wp","href":"https:\/\/api.w.org\/{rel}","templated":true}]}}