{"id":3676,"date":"2019-09-04T20:04:03","date_gmt":"2019-09-05T01:04:03","guid":{"rendered":"http:\/\/www.zonaroja.com.mx\/?p=3676"},"modified":"2019-09-04T20:04:06","modified_gmt":"2019-09-05T01:04:06","slug":"tras-12-horas-de-retencion-liberan-a-dos-funcionarios-en-nochixtlan","status":"publish","type":"post","link":"https:\/\/zonaroja.com.mx\/?p=3676","title":{"rendered":"Tras 12 horas de retenci\u00f3n, liberan a dos funcionarios en Nochixtl\u00e1n"},"content":{"rendered":"\n<p>Redacci\u00f3n\/Zona\nRoja. <\/p>\n\n\n\n<p>Oaxaca de\nJu\u00e1rez, Oax., 4 de septiembre de 2019.- Dos trabajadoras del Gobierno del\nEstado, presuntamente de la Secretar\u00eda de Movilidad (Semovi) fueron liberadas\ntras 12 horas de retenci\u00f3n en Asunci\u00f3n Nochixtl\u00e1n; sus captores amenazan con\nencerrarlas durante la noche.<\/p>\n\n\n\n<p>Ambas fueron\nretenidas la ma\u00f1ana de hoy luego de un zafarrancho y el incendio de dos gr\u00faas\npor parte de transportistas afiliados a la Confederaci\u00f3n de Trabajadores y\nEmpleados de M\u00e9xico (CATEM) Joven.<\/p>\n\n\n\n<p>Los\ndisturbios iniciaron alrededor de las siete de la ma\u00f1ana, derivado de un\noperativo que intent\u00f3 implementar la Semovi, junto con personal de la Polic\u00eda\nEstatal y otras \u00e1reas, para sacar de circulaci\u00f3n a unidades de motor del\nservicio p\u00fablico en situaci\u00f3n de irregularidad.<\/p>\n\n\n\n<p>Luego de la\nretenci\u00f3n de las dos mujeres, personal de la Secretar\u00eda General de Gobierno\n(Segego) acudi\u00f3 a entablar un di\u00e1logo con los inconformes.<\/p>\n\n\n\n<p>Aceptaron dejar en libertad a las dos trabajadoras, a cambio de que no se implementen m\u00e1s operativos en contra de unidades de motor \u201cpirata\u201d y que no se les liberen \u00f3rdenes de aprehensi\u00f3n por la retenci\u00f3n.<\/p>\n\n\n\n<figure class=\"wp-block-image\"><img decoding=\"async\" width=\"1024\" height=\"768\" src=\"http:\/\/www.zonaroja.com.mx\/wp-content\/uploads\/2019\/09\/PHOTO-2019-09-04-19-54-55-1024x768.jpg\" alt=\"\" class=\"wp-image-3677\" srcset=\"https:\/\/zonaroja.com.mx\/wp-content\/uploads\/2019\/09\/PHOTO-2019-09-04-19-54-55-1024x768.jpg 1024w, https:\/\/zonaroja.com.mx\/wp-content\/uploads\/2019\/09\/PHOTO-2019-09-04-19-54-55-300x225.jpg 300w, https:\/\/zonaroja.com.mx\/wp-content\/uploads\/2019\/09\/PHOTO-2019-09-04-19-54-55-768x576.jpg 768w, https:\/\/zonaroja.com.mx\/wp-content\/uploads\/2019\/09\/PHOTO-2019-09-04-19-54-55-585x439.jpg 585w, https:\/\/zonaroja.com.mx\/wp-content\/uploads\/2019\/09\/PHOTO-2019-09-04-19-54-55.jpg 1152w\" sizes=\"(max-width: 1024px) 100vw, 1024px\" \/><\/figure>\n","protected":false},"excerpt":{"rendered":"<p>Redacci\u00f3n\/Zona Roja. Oaxaca de Ju\u00e1rez, Oax., 4 de septiembre de 2019.- Dos trabajadoras del Gobierno&hellip;<\/p>\n","protected":false},"author":2,"featured_media":3678,"comment_status":"closed","ping_status":"open","sticky":false,"template":"","format":"standard","meta":{"_lmt_disableupdate":"","_lmt_disable":"","_jetpack_memberships_contains_paid_content":false,"footnotes":""},"categories":[109,51],"tags":[128],"class_list":["post-3676","post","type-post","status-publish","format-standard","has-post-thumbnail","hentry","category-minuto-a-minuto","category-zona-roja","tag-asuncion-nochixtlan"],"jetpack_featured_media_url":"https:\/\/zonaroja.com.mx\/wp-content\/uploads\/2019\/09\/ee6e53a1-a536-469b-abcd-19cbb1157f21.jpg","jetpack_sharing_enabled":true,"_links":{"self":[{"href":"https:\/\/zonaroja.com.mx\/index.php?rest_route=\/wp\/v2\/posts\/3676","targetHints":{"allow":["GET"]}}],"collection":[{"href":"https:\/\/zonaroja.com.mx\/index.php?rest_route=\/wp\/v2\/posts"}],"about":[{"href":"https:\/\/zonaroja.com.mx\/index.php?rest_route=\/wp\/v2\/types\/post"}],"author":[{"embeddable":true,"href":"https:\/\/zonaroja.com.mx\/index.php?rest_route=\/wp\/v2\/users\/2"}],"replies":[{"embeddable":true,"href":"https:\/\/zonaroja.com.mx\/index.php?rest_route=%2Fwp%2Fv2%2Fcomments&post=3676"}],"version-history":[{"count":1,"href":"https:\/\/zonaroja.com.mx\/index.php?rest_route=\/wp\/v2\/posts\/3676\/revisions"}],"predecessor-version":[{"id":3679,"href":"https:\/\/zonaroja.com.mx\/index.php?rest_route=\/wp\/v2\/posts\/3676\/revisions\/3679"}],"wp:featuredmedia":[{"embeddable":true,"href":"https:\/\/zonaroja.com.mx\/index.php?rest_route=\/wp\/v2\/media\/3678"}],"wp:attachment":[{"href":"https:\/\/zonaroja.com.mx\/index.php?rest_route=%2Fwp%2Fv2%2Fmedia&parent=3676"}],"wp:term":[{"taxonomy":"category","embeddable":true,"href":"https:\/\/zonaroja.com.mx\/index.php?rest_route=%2Fwp%2Fv2%2Fcategories&post=3676"},{"taxonomy":"post_tag","embeddable":true,"href":"https:\/\/zonaroja.com.mx\/index.php?rest_route=%2Fwp%2Fv2%2Ftags&post=3676"}],"curies":[{"name":"wp","href":"https:\/\/api.w.org\/{rel}","templated":true}]}}