{"id":36762,"date":"2022-01-24T08:40:19","date_gmt":"2022-01-24T14:40:19","guid":{"rendered":"http:\/\/www.zonaroja.com.mx\/?p=36762"},"modified":"2022-01-24T08:40:22","modified_gmt":"2022-01-24T14:40:22","slug":"opinion-violencia-feminicida-el-fracaso-institucional-en-oaxaca","status":"publish","type":"post","link":"https:\/\/zonaroja.com.mx\/?p=36762","title":{"rendered":"Opini\u00f3n. Violencia feminicida, el fracaso institucional en Oaxaca"},"content":{"rendered":"\n<p>Ismael Garc\u00eda M.\/Zona Roja.<\/p>\n\n\n\n<p>Oaxaca de Ju\u00e1rez, Oax., 24 de enero de 2022.- El actual sexenio irremediablemente pasar\u00e1 a la historia como uno de los m\u00e1s violentos en contra de la mujer, superando los registros de feminicidios de por lo menos cuatro gobiernos que le anteceden.<\/p>\n\n\n\n<p>Tan s\u00f3lo en enero, suman al menos siete asesinatos de mujeres, casi una cada tercer d\u00eda.<\/p>\n\n\n\n<p>\u00bfDe qui\u00e9n la responsabilidad? \u00bfA qui\u00e9n culpar? \u00bfC\u00f3mo entender esta grave problem\u00e1tica, pero sobre todo c\u00f3mo atender?<\/p>\n\n\n\n<p>Las autoridades estatales y municipales dicen que trabajan; los organismos civiles critican y se\u00f1alan omisiones, pero nadie encuentra o propone una soluci\u00f3n de fondo, que necesariamente tiene que ver con la pobreza y la marginaci\u00f3n, as\u00ed como la continua p\u00e9rdida de valores en la sociedad.<\/p>\n\n\n\n<p>En esa grave violencia entra tambi\u00e9n el caso de una mujer que el pasado viernes por la noche opt\u00f3 por, presuntamente, quitarse la vida en la ciudad de Oaxaca, prendi\u00e9ndose fuego.<\/p>\n\n\n\n<p>O el reciente caso de una adolescente, Citlalli, de San Juan Colorado: vejada desde su ni\u00f1ez por su propia familia, abusada sexualmente, embarazada por un pariente y pr\u00e1cticamente vendida a un sujeto para que \u00e9ste se quede con el beb\u00e9.<\/p>\n\n\n\n<p>ESCENARIO GENERALIZADO<\/p>\n\n\n\n<p>Evidentemente que el flagelo no es \u00fanico en Oaxaca y a nivel nacional se han dado las cifras escalofriantes las que, parad\u00f3jicamente un gobierno que se dice de Cuarta Transformaci\u00f3n, ha dejado crecer.<\/p>\n\n\n\n<p>De acuerdo con registros del Secretariado Ejecutivo del Sistema Nacional de Seguridad P\u00fablica, el a\u00f1o pasado se perpetraron mil cuatro feminicidios; pero la realidad triplica, por lo menos, dichos datos. El a\u00f1o en que se rebasaron los mil casos, fue en 2015.<\/p>\n\n\n\n<p>Apenas este fin de semana, el diario \u201cMilenio\u201d public\u00f3 un recuento, tambi\u00e9n con cifras oficiales, en que detalla que entre 2015 y noviembre del 2021 se han cometido al menos 554 feminicidios infantiles, siendo el 2020 el a\u00f1o con m\u00e1s casos con un total de 115.<\/p>\n\n\n\n<p>Y OAXACA&nbsp;<\/p>\n\n\n\n<p>Organismos como Grupo de Estudios de la Mujer \u201cRosario Castellanos\u201d y Consorcio Oaxaca han dado puntual seguimiento hemerogr\u00e1fico a esta pandemia.<\/p>\n\n\n\n<p>Seg\u00fan esta \u00faltima organizaci\u00f3n que encabeza Y\u00e9sica S\u00e1nchez Maya, del 1 de diciembre de 2016 al 23 de enero de 2021, gobierno de Alejandro Murat, se han cometido 587 asesinatos violentos de mujeres.<\/p>\n\n\n\n<p>De acuerdo con GES Mujer, son 589 casos; desde finales de agosto de 2018, Oaxaca cuenta con Alerta de Violencia de G\u00e9nero para 29 municipios, pero en ese lapso han sido asesinadas 374 femeninas. Este a\u00f1o, van al menos siete casos.<\/p>\n\n\n\n<p>\u201cLa violencia feminicida se est\u00e1 incrementando en contra de la poblaci\u00f3n m\u00e1s vulnerable, el 43% de los asesinatos violentos correspondi\u00f3 a mujeres de 30-44 a\u00f1os. Otro dato que causa una profunda indignaci\u00f3n es que el 14% del total de casos fueron cometidos al interior de su hogar, lugar en el que tendr\u00edan que estar protegidas\u201d, refiere el organismo que encabeza Ang\u00e9lica Ayala.<\/p>\n\n\n\n<p>Por sexenios, el de Alejandro Murat ha rebasado por mucho a sus antecesores: con Gabino Cu\u00e9 fueron 527, con Ulises Ruiz Ortiz sumaron 283 y con Jos\u00e9 Murat se registraron 429.<\/p>\n\n\n\n<p>La Fiscal\u00eda General del Estado tiene registrados con la tipificaci\u00f3n de feminicidios, 52 en el a\u00f1o 2017, 29 en 2018, 29 en 2019, 39 en 2020 y 41 en 2021, en total 190; el resto los cataloga como homicidios dolosos, para una suma de 524 cr\u00edmenes contra mujeres.<\/p>\n\n\n\n<p>Por lo menos en la gesti\u00f3n de Arturo Peimbert Calgo no ha entrado en constante confrontaci\u00f3n \u2013como suced\u00eda con Rub\u00e9n Vasconcelos\u2014con los organismos civiles, respecto al inicio de las indagatorias en el asesinato de una mujer, que debe ser investigado bajo protocolos de feminicidio, sea cual sea la circunstancia. Pero tampoco hay suficientes avances en las indagatorias.<\/p>\n\n\n\n<p>\u00bfY LA SMO?<\/p>\n\n\n\n<p>No es exactamente el gobierno el \u00fanico responsable de la violencia feminicidad, pues es un contexto social generalizado, como ya lo hemos dicho, que incluye tambi\u00e9n la cada vez m\u00e1s creciente violencia en el pa\u00eds.<\/p>\n\n\n\n<p>De acuerdo con GES Mujer, \u201cLas desigualdades que existen a\u00fan en la sociedad, donde se naturalizan pr\u00e1cticas que violentan los derechos humanos de las ni\u00f1as y las adolescentes, son factores de riesgo para vivir todas las formas de violencia, incluyendo la violencia feminicida.<\/p>\n\n\n\n<p>\u201cUniones tempranas, embarazos no planeados o forzados, matrimonios infantiles, acoso y violencia sexual en la infancia y la adolescencia son realidades que deben ser visibilizadas, pues profundizan la desigualdad entre mujeres y hombres y en el caso de las ni\u00f1as y adolescentes las colocan en grave riesgo para su integridad y su vida\u201d.<\/p>\n\n\n\n<p>Evidentemente que es dif\u00edcil asignar un polic\u00eda a cada cuadra o a cada colonia del estado, pero s\u00ed hay m\u00faltiples formas de prevenir la violencia, y en eso hay un fracaso rotundo de las instituciones de seguridad y procuraci\u00f3n de justicia, en este \u00faltimo caso para evitar la impunidad.<\/p>\n\n\n\n<p>Pero un caso en particular que llama la atenci\u00f3n es la Secretar\u00eda de las Mujeres Oaxaque\u00f1as, que ha tenido al menos tres titulares y la \u00faltima de ellas, Ana Isabel V\u00e1squez Colmenares, la m\u00e1s omisa.<\/p>\n\n\n\n<p>Frivolidades, falta de empat\u00eda, nulas acciones y una vida social de alcurnia, son las que caracterizan a ella, y pese a lo cual se mantiene en el cargo, m\u00e1s por compromisos pol\u00edticos que por capacidad.<\/p>\n\n\n\n<p>S\u00ed, todos estamos de acuerdo en que es desde el seno del hogar en que se deben atender las causas y fortalecer los valores. Pero tambi\u00e9n, coincidimos todos, en que a nivel estatal y nacional, han fracasado las pol\u00edticas p\u00fablicas. Irremediablemente, Alejandro Murat se llevar\u00e1 el se\u00f1alamiento como el sexenio m\u00e1s violento para las mujeres.<\/p>\n","protected":false},"excerpt":{"rendered":"<p>Ismael Garc\u00eda M.\/Zona Roja. Oaxaca de Ju\u00e1rez, Oax., 24 de enero de 2022.- El actual&hellip;<\/p>\n","protected":false},"author":2,"featured_media":7610,"comment_status":"closed","ping_status":"open","sticky":false,"template":"","format":"standard","meta":{"_lmt_disableupdate":"","_lmt_disable":"","_jetpack_memberships_contains_paid_content":false,"footnotes":""},"categories":[456,109,48],"tags":[1353],"class_list":["post-36762","post","type-post","status-publish","format-standard","has-post-thumbnail","hentry","category-columna","category-minuto-a-minuto","category-zona-critica","tag-opinion-zona-critica"],"jetpack_featured_media_url":"https:\/\/zonaroja.com.mx\/wp-content\/uploads\/2020\/01\/Opini\u00f3n-Zona-Cr\u00edtica.jpg","jetpack_sharing_enabled":true,"_links":{"self":[{"href":"https:\/\/zonaroja.com.mx\/index.php?rest_route=\/wp\/v2\/posts\/36762","targetHints":{"allow":["GET"]}}],"collection":[{"href":"https:\/\/zonaroja.com.mx\/index.php?rest_route=\/wp\/v2\/posts"}],"about":[{"href":"https:\/\/zonaroja.com.mx\/index.php?rest_route=\/wp\/v2\/types\/post"}],"author":[{"embeddable":true,"href":"https:\/\/zonaroja.com.mx\/index.php?rest_route=\/wp\/v2\/users\/2"}],"replies":[{"embeddable":true,"href":"https:\/\/zonaroja.com.mx\/index.php?rest_route=%2Fwp%2Fv2%2Fcomments&post=36762"}],"version-history":[{"count":1,"href":"https:\/\/zonaroja.com.mx\/index.php?rest_route=\/wp\/v2\/posts\/36762\/revisions"}],"predecessor-version":[{"id":36763,"href":"https:\/\/zonaroja.com.mx\/index.php?rest_route=\/wp\/v2\/posts\/36762\/revisions\/36763"}],"wp:featuredmedia":[{"embeddable":true,"href":"https:\/\/zonaroja.com.mx\/index.php?rest_route=\/wp\/v2\/media\/7610"}],"wp:attachment":[{"href":"https:\/\/zonaroja.com.mx\/index.php?rest_route=%2Fwp%2Fv2%2Fmedia&parent=36762"}],"wp:term":[{"taxonomy":"category","embeddable":true,"href":"https:\/\/zonaroja.com.mx\/index.php?rest_route=%2Fwp%2Fv2%2Fcategories&post=36762"},{"taxonomy":"post_tag","embeddable":true,"href":"https:\/\/zonaroja.com.mx\/index.php?rest_route=%2Fwp%2Fv2%2Ftags&post=36762"}],"curies":[{"name":"wp","href":"https:\/\/api.w.org\/{rel}","templated":true}]}}