{"id":36768,"date":"2022-01-24T08:53:56","date_gmt":"2022-01-24T14:53:56","guid":{"rendered":"http:\/\/www.zonaroja.com.mx\/?p=36768"},"modified":"2022-01-24T08:53:59","modified_gmt":"2022-01-24T14:53:59","slug":"asesinan-a-una-periodista-en-tijuana-suman-3-en-mexico-en-enero","status":"publish","type":"post","link":"https:\/\/zonaroja.com.mx\/?p=36768","title":{"rendered":"Asesinan a una periodista en Tijuana; suman 3 en M\u00e9xico, en enero"},"content":{"rendered":"\n<p>Redacci\u00f3n\/Zona Roja Cdmx.<\/p>\n\n\n\n<p>Ciudad de M\u00e9xico, 24 de enero de 2022.- La periodista Mar\u00eda de Lourdes Maldonado L\u00f3pez fue asesinada de un disparo de arma de fuego en la cabeza la noche de este domingo cuando llegaba a su domicilio, en el fraccionamiento Villas de Santa Fe.<\/p>\n\n\n\n<p>El crimen ocurre a seis d\u00edas del homicidio del fotoperiodista Margarito Mart\u00ednez, tambi\u00e9n en Tijuana, Baja California.<\/p>\n\n\n\n<p>Maldonado L\u00f3pez fue atacada afuera de su casa en la calle Vista Dorada cuando se encontraba a bordo de su autom\u00f3vil, alrededor de las 19 horas.<\/p>\n\n\n\n<p>La comunicadora estaba inscrita desde el a\u00f1o pasado en el Mecanismo de Protecci\u00f3n a Periodistas y Defensores de los Derechos Humanos del gobierno de Baja California.<\/p>\n\n\n\n<p>De hecho, a ra\u00edz del asesinato de Mart\u00ednez, la gobernadora Marina del Pilar \u00c1vila anunci\u00f3 que este procedimiento se refrendar\u00eda con la Secretar\u00eda de Gobernaci\u00f3n esta semana.<\/p>\n\n\n\n<p>Mar\u00eda de Lourdes Maldonado era conocida en la comunidad porque trabaj\u00f3 varios a\u00f1os en Noticieros Televisa y fue conductora de programas de radio. Actualmente conduc\u00eda un programa de televisi\u00f3n por cable y colaboraba con Radio F\u00f3rmula Tijuana.<\/p>\n\n\n\n<p>Como lo inform\u00f3 \u201cLa Jornada\u201d, hace una semana, la Junta Federal de Conciliaci\u00f3n y Arbitraje (JFCA) orden\u00f3 el embargo mercantil de la empresa Media Sport de M\u00e9xico, SA de CV, como resultado de una demanda laboral por despido injustificado que Maldonado L\u00f3pez interpuso en 2013 contra el Primer Sistema de Noticias (PSN), propiedad del ex gobernador Jaime Bonilla.<\/p>\n\n\n\n<p>De acuerdo con el expediente 1359\/2013 CA 521\/2021, la junta especial 59 de la JFCA instruy\u00f3 la entrega de las constancias de afiliaci\u00f3n del Sistema de Ahorro para el Retiro, del Infonavit y de la inscripci\u00f3n al IMSS del 1\u00ba de marzo de 2006 a 2013.<\/p>\n\n\n\n<p>El 23 de marzo de 2019, Maldonado acudi\u00f3 a la ma\u00f1anera para pedir al presidente Andr\u00e9s Manuel L\u00f3pez Obrador su intervenci\u00f3n, a fin de que Bonilla, en ese entonces delegado del gobierno federal en Baja California, le pagara el adeudo laboral dado que las distintas instancias, seg\u00fan denunci\u00f3 la periodista, estaban retrasando el proceso.<\/p>\n\n\n\n<p>\u201cVengo a pedir apoyo, ayuda y justicia laboral, porque hasta temo por mi vida\u201d, expres\u00f3. Lo hago porque se trata de su senador con licencia, de su supercoordinador de delegaciones y su pr\u00f3ximo candidato a la gubernatura de Baja California, el licenciado Jaime Bonilla.<\/p>\n\n\n\n<p>L\u00f3pez Obrador le respondi\u00f3 que le pedir\u00eda a su vocero, Jes\u00fas Ram\u00edrez, que atendiera su petici\u00f3n de justicia. Mar\u00eda de Lourdes Maldonado es el tercer caso de un periodista asesinado en M\u00e9xico en lo que va del a\u00f1o, dos casos en Tijuana y uno en Veracruz.<\/p>\n\n\n\n<p>(Informaci\u00f3n de \u201cLa Jornada\u201d)<\/p>\n","protected":false},"excerpt":{"rendered":"<p>Redacci\u00f3n\/Zona Roja Cdmx. Ciudad de M\u00e9xico, 24 de enero de 2022.- La periodista Mar\u00eda de&hellip;<\/p>\n","protected":false},"author":2,"featured_media":36769,"comment_status":"closed","ping_status":"open","sticky":false,"template":"","format":"standard","meta":{"_lmt_disableupdate":"","_lmt_disable":"","_jetpack_memberships_contains_paid_content":false,"footnotes":""},"categories":[109,51],"tags":[3008],"class_list":["post-36768","post","type-post","status-publish","format-standard","has-post-thumbnail","hentry","category-minuto-a-minuto","category-zona-roja","tag-lourdes-maldonado-lopez"],"jetpack_featured_media_url":"https:\/\/zonaroja.com.mx\/wp-content\/uploads\/2022\/01\/Lourdes-Maldonado.jpg","jetpack_sharing_enabled":true,"_links":{"self":[{"href":"https:\/\/zonaroja.com.mx\/index.php?rest_route=\/wp\/v2\/posts\/36768","targetHints":{"allow":["GET"]}}],"collection":[{"href":"https:\/\/zonaroja.com.mx\/index.php?rest_route=\/wp\/v2\/posts"}],"about":[{"href":"https:\/\/zonaroja.com.mx\/index.php?rest_route=\/wp\/v2\/types\/post"}],"author":[{"embeddable":true,"href":"https:\/\/zonaroja.com.mx\/index.php?rest_route=\/wp\/v2\/users\/2"}],"replies":[{"embeddable":true,"href":"https:\/\/zonaroja.com.mx\/index.php?rest_route=%2Fwp%2Fv2%2Fcomments&post=36768"}],"version-history":[{"count":1,"href":"https:\/\/zonaroja.com.mx\/index.php?rest_route=\/wp\/v2\/posts\/36768\/revisions"}],"predecessor-version":[{"id":36770,"href":"https:\/\/zonaroja.com.mx\/index.php?rest_route=\/wp\/v2\/posts\/36768\/revisions\/36770"}],"wp:featuredmedia":[{"embeddable":true,"href":"https:\/\/zonaroja.com.mx\/index.php?rest_route=\/wp\/v2\/media\/36769"}],"wp:attachment":[{"href":"https:\/\/zonaroja.com.mx\/index.php?rest_route=%2Fwp%2Fv2%2Fmedia&parent=36768"}],"wp:term":[{"taxonomy":"category","embeddable":true,"href":"https:\/\/zonaroja.com.mx\/index.php?rest_route=%2Fwp%2Fv2%2Fcategories&post=36768"},{"taxonomy":"post_tag","embeddable":true,"href":"https:\/\/zonaroja.com.mx\/index.php?rest_route=%2Fwp%2Fv2%2Ftags&post=36768"}],"curies":[{"name":"wp","href":"https:\/\/api.w.org\/{rel}","templated":true}]}}