{"id":36771,"date":"2022-01-24T12:24:05","date_gmt":"2022-01-24T18:24:05","guid":{"rendered":"https:\/\/www.zonaroja.com.mx\/?p=36771"},"modified":"2022-01-24T12:27:44","modified_gmt":"2022-01-24T18:27:44","slug":"piden-de-nuevo-intervencion-de-la-onu-en-justicia-para-claudia-uruchurtu","status":"publish","type":"post","link":"https:\/\/zonaroja.com.mx\/?p=36771","title":{"rendered":"Piden, de nuevo, intervenci\u00f3n de la ONU en justicia para Claudia Uruchurtu"},"content":{"rendered":"\n<p>Yuridiana Sosa \/Zona Roja.<\/p>\n\n\n\n<p>Oaxaca de Ju\u00e1rez, Oax., 24 de enero de 2022.- Familiares de la activista desaparecida Claudia Uruchurtu Cruz, demandaron al Comit\u00e9 contra la Desaparici\u00f3n Forzada de las Naciones Unidas emita, una vez m\u00e1s, la acci\u00f3n urgente para el Estado Mexicano y realice observaciones para la aplicaci\u00f3n de justicia y ajena a los intereses pol\u00edticos.&nbsp;<\/p>\n\n\n\n<p>Las hermanas, Elizabeth y Sara Uruchurtu Cruz se pronunciaron nuevamente ante el inicio de la audiencia intermedia, etapa importante para el ofrecimiento, admisi\u00f3n y depuraci\u00f3n de elementos de prueba que ser\u00e1n materia del juicio, lo cual ocurre a 10 meses de los hechos registrados el 26 de marzo de 2021.<\/p>\n\n\n\n<p>Sin embargo, desconf\u00edan en que el proceso se lleve a cabo sin intervenciones pol\u00edticas a favor de los presuntos responsables, detenidos por la Fiscal\u00eda General de Oaxaca, pues se tratan de ex funcionarios municipales de Asunci\u00f3n Nochixtl\u00e1n, como son la ex presidenta Lizbeth V. H. y otros servidores p\u00fablicos, emanados del Partido Morena, el cual hoy gobierna en M\u00e9xico.<\/p>\n\n\n\n<p>\u201cManifestamos nuestra preocupaci\u00f3n que en el caso de nuestra hermana Claudia Uruchurtu Cruz se privilegie m\u00e1s la interpretaci\u00f3n pol\u00edtica que la genuina aplicaci\u00f3n de la justicia\u201d, expusieron las tambi\u00e9n v\u00edctimas del hecho por medio de un comunicado.<\/p>\n\n\n\n<p>Las hermanas Uruchurtu Cruz lamentaron la pr\u00e1ctica que existe en M\u00e9xico de la injerencia de diversos actores que motivan la p\u00e9rdida de la imparcialidad en busca de la justicia, cre\u00e1ndose con estas acciones \u201cusos y costumbres institucionales\u201d que se sujetan a la voluntad y a las condiciones pol\u00edticas, anteponiendo la impunidad. <\/p>\n","protected":false},"excerpt":{"rendered":"<p>Yuridiana Sosa \/Zona Roja. Oaxaca de Ju\u00e1rez, Oax., 24 de enero de 2022.- Familiares de&hellip;<\/p>\n","protected":false},"author":2,"featured_media":27305,"comment_status":"closed","ping_status":"open","sticky":false,"template":"","format":"standard","meta":{"_lmt_disableupdate":"","_lmt_disable":"","_jetpack_memberships_contains_paid_content":false,"footnotes":""},"categories":[109,47],"tags":[2582],"class_list":["post-36771","post","type-post","status-publish","format-standard","has-post-thumbnail","hentry","category-minuto-a-minuto","category-zona-gris","tag-claudia-uruchurtu-cruz"],"jetpack_featured_media_url":"https:\/\/zonaroja.com.mx\/wp-content\/uploads\/2021\/05\/Hermanas-de-Claudia-Uruchurtu.jpg","jetpack_sharing_enabled":true,"_links":{"self":[{"href":"https:\/\/zonaroja.com.mx\/index.php?rest_route=\/wp\/v2\/posts\/36771","targetHints":{"allow":["GET"]}}],"collection":[{"href":"https:\/\/zonaroja.com.mx\/index.php?rest_route=\/wp\/v2\/posts"}],"about":[{"href":"https:\/\/zonaroja.com.mx\/index.php?rest_route=\/wp\/v2\/types\/post"}],"author":[{"embeddable":true,"href":"https:\/\/zonaroja.com.mx\/index.php?rest_route=\/wp\/v2\/users\/2"}],"replies":[{"embeddable":true,"href":"https:\/\/zonaroja.com.mx\/index.php?rest_route=%2Fwp%2Fv2%2Fcomments&post=36771"}],"version-history":[{"count":1,"href":"https:\/\/zonaroja.com.mx\/index.php?rest_route=\/wp\/v2\/posts\/36771\/revisions"}],"predecessor-version":[{"id":36772,"href":"https:\/\/zonaroja.com.mx\/index.php?rest_route=\/wp\/v2\/posts\/36771\/revisions\/36772"}],"wp:featuredmedia":[{"embeddable":true,"href":"https:\/\/zonaroja.com.mx\/index.php?rest_route=\/wp\/v2\/media\/27305"}],"wp:attachment":[{"href":"https:\/\/zonaroja.com.mx\/index.php?rest_route=%2Fwp%2Fv2%2Fmedia&parent=36771"}],"wp:term":[{"taxonomy":"category","embeddable":true,"href":"https:\/\/zonaroja.com.mx\/index.php?rest_route=%2Fwp%2Fv2%2Fcategories&post=36771"},{"taxonomy":"post_tag","embeddable":true,"href":"https:\/\/zonaroja.com.mx\/index.php?rest_route=%2Fwp%2Fv2%2Ftags&post=36771"}],"curies":[{"name":"wp","href":"https:\/\/api.w.org\/{rel}","templated":true}]}}