{"id":36776,"date":"2022-01-24T16:04:44","date_gmt":"2022-01-24T22:04:44","guid":{"rendered":"http:\/\/www.zonaroja.com.mx\/?p=36776"},"modified":"2022-01-24T16:04:46","modified_gmt":"2022-01-24T22:04:46","slug":"suman-cinco-protestas-en-oaxaca-en-inicio-de-semana","status":"publish","type":"post","link":"https:\/\/zonaroja.com.mx\/?p=36776","title":{"rendered":"Suman cinco protestas en Oaxaca en inicio de semana"},"content":{"rendered":"\n<p>Yuridiana Sosa\/Zona Roja.<\/p>\n\n\n\n<p>Oaxaca de Ju\u00e1rez, Oax., 24 de enero de 2022.- Trabajadores del Estado, organizaciones sociales y pobladores se manifestaron este lunes, en distintos puntos del estado, contra el gobierno de Oaxaca, ante la omisi\u00f3n por atender las distintas problem\u00e1ticas, desde el \u00e1mbito laboral, educativo, de justicia y de gobernabilidad.<\/p>\n\n\n\n<p>A puerta de palacio de gobierno, en el z\u00f3calo de la capital, integrantes del Sindicato de Trabajadores del Telebachillerato Comunitario del Estado de Oaxaca denunciaron que las autoridades no han atendido las necesidades educativas y laborales de este sistema educativo en la entidad.<\/p>\n\n\n\n<p>El secretario general del sindicato, Celestino Jim\u00e9nez Aparicio, se\u00f1al\u00f3 que los docentes y personal de estas instituciones desconocen la forma en la que trabajar\u00e1n en los pr\u00f3ximos meses ante la contingencia, pues no se ha convocado ni a una mesa de di\u00e1logo con la nueva directora general del sistema, Belem Morales Bautista.<\/p>\n\n\n\n<p>Adem\u00e1s, se\u00f1alan violaciones al contrato colectivo de trabajo, entre otras carencias en las que se encuentran los planteles.<\/p>\n\n\n\n<p>Mientras que, frente a Casa Oficial en la avenida Ju\u00e1rez, del Centro Hist\u00f3rico de Oaxaca, el Frente Popular Revolucionario (FPR) encabez\u00f3 una protesta en la que participaron otras organizaciones afines para exigir justicia por el asesinato de su dirigente, Tom\u00e1s Mart\u00ednez Pinacho.<\/p>\n\n\n\n<p>Parte de su manifestaci\u00f3n incluy\u00f3 el bloqueo de esa vialidad durante unas horas de la ma\u00f1ana, desde donde sentenciaron los ataques a las organizaciones presuntamente por parte del propio gobierno estatal.<\/p>\n\n\n\n<p>EN CIUDAD ADMINISTRATIVA<\/p>\n\n\n\n<p>Distintos grupos de ciudadanos arribaron al complejo de Ciudad Administrativa, en Tlalixtac de Cabrera, para exigir atenci\u00f3n de la Secretar\u00eda General de Gobierno (Segego), adem\u00e1s de se\u00f1alar la injerencia de sus funcionarios en la administraci\u00f3n de municipios.<\/p>\n\n\n\n<p>Como fue el caso de habitantes del municipio de Santiago Cho\u00e1pam, de la regi\u00f3n de la Cuenca, quienes, encabezados por el alcalde constitucional, Luis Fabi\u00e1n S\u00e1nchez Silva, denunciaron que el director de Asuntos y Proyectos Estrat\u00e9gicos Municipales, Carlos Felgueres Jim\u00e9nez, es c\u00f3mplice de la edil Ediht Vera, para el robo de recursos p\u00fablicos.<\/p>\n\n\n\n<p>Tambi\u00e9n se registr\u00f3 de forma breve la manifestaci\u00f3n por parte de la Organizaci\u00f3n para el Bienestar de los Pueblos del Estado de Oaxaca (OBPEO).<\/p>\n\n\n\n<p>EN LA COSTA<\/p>\n\n\n\n<p>En la regi\u00f3n de la Costa se registr\u00f3 el bloqueo de la carretera federal 200 Pinotepa-Acapulco en el tramo conocido como \u201cEl Ret\u00e9n\u201d, lo que provoc\u00f3 una importante afectaci\u00f3n a los transportistas.<\/p>\n\n\n\n<p>La manifestaci\u00f3n fue por parte de pobladores de San Antonio Tepetlapa, que por medio de una manta expresaron: \u201cResponsabilizamos a la diputada Laura Estrada M. La omisi\u00f3n de las resoluciones del TEPJF -Tribunal Electoral del Poder Judicial de la Federaci\u00f3n- por intereses pol\u00edticos y no atender las peticiones del municipio de San Antonio Tepetlapa\u201d.<\/p>\n","protected":false},"excerpt":{"rendered":"<p>Yuridiana Sosa\/Zona Roja. Oaxaca de Ju\u00e1rez, Oax., 24 de enero de 2022.- Trabajadores del Estado,&hellip;<\/p>\n","protected":false},"author":2,"featured_media":36777,"comment_status":"closed","ping_status":"open","sticky":false,"template":"","format":"standard","meta":{"_lmt_disableupdate":"","_lmt_disable":"","_jetpack_memberships_contains_paid_content":false,"footnotes":""},"categories":[109,47],"tags":[2254],"class_list":["post-36776","post","type-post","status-publish","format-standard","has-post-thumbnail","hentry","category-minuto-a-minuto","category-zona-gris","tag-protestas-y-bloqueos-oaxaca"],"jetpack_featured_media_url":"https:\/\/zonaroja.com.mx\/wp-content\/uploads\/2022\/01\/Protesta-FPR-ciudad-de-Oaxaca.jpg","jetpack_sharing_enabled":true,"_links":{"self":[{"href":"https:\/\/zonaroja.com.mx\/index.php?rest_route=\/wp\/v2\/posts\/36776","targetHints":{"allow":["GET"]}}],"collection":[{"href":"https:\/\/zonaroja.com.mx\/index.php?rest_route=\/wp\/v2\/posts"}],"about":[{"href":"https:\/\/zonaroja.com.mx\/index.php?rest_route=\/wp\/v2\/types\/post"}],"author":[{"embeddable":true,"href":"https:\/\/zonaroja.com.mx\/index.php?rest_route=\/wp\/v2\/users\/2"}],"replies":[{"embeddable":true,"href":"https:\/\/zonaroja.com.mx\/index.php?rest_route=%2Fwp%2Fv2%2Fcomments&post=36776"}],"version-history":[{"count":1,"href":"https:\/\/zonaroja.com.mx\/index.php?rest_route=\/wp\/v2\/posts\/36776\/revisions"}],"predecessor-version":[{"id":36778,"href":"https:\/\/zonaroja.com.mx\/index.php?rest_route=\/wp\/v2\/posts\/36776\/revisions\/36778"}],"wp:featuredmedia":[{"embeddable":true,"href":"https:\/\/zonaroja.com.mx\/index.php?rest_route=\/wp\/v2\/media\/36777"}],"wp:attachment":[{"href":"https:\/\/zonaroja.com.mx\/index.php?rest_route=%2Fwp%2Fv2%2Fmedia&parent=36776"}],"wp:term":[{"taxonomy":"category","embeddable":true,"href":"https:\/\/zonaroja.com.mx\/index.php?rest_route=%2Fwp%2Fv2%2Fcategories&post=36776"},{"taxonomy":"post_tag","embeddable":true,"href":"https:\/\/zonaroja.com.mx\/index.php?rest_route=%2Fwp%2Fv2%2Ftags&post=36776"}],"curies":[{"name":"wp","href":"https:\/\/api.w.org\/{rel}","templated":true}]}}