{"id":36781,"date":"2022-01-24T20:20:32","date_gmt":"2022-01-25T02:20:32","guid":{"rendered":"http:\/\/www.zonaroja.com.mx\/?p=36781"},"modified":"2022-01-24T20:20:34","modified_gmt":"2022-01-25T02:20:34","slug":"se-une-oaxaca-a-jornada-nacional-de-repudio-a-crimenes-de-periodistas","status":"publish","type":"post","link":"https:\/\/zonaroja.com.mx\/?p=36781","title":{"rendered":"Se une Oaxaca a jornada nacional de repudio a cr\u00edmenes de periodistas"},"content":{"rendered":"\n<p>Redacci\u00f3n\/Zona Roja.<\/p>\n\n\n\n<p>Oaxaca de Ju\u00e1rez, Oax., 24 de enero de 2022.- La Asociaci\u00f3n de Periodistas de Oaxaca (APO), la m\u00e1s antigua en la entidad, se sum\u00f3 a la jornada de protesta en contra del asesinato de periodistas en M\u00e9xico.<\/p>\n\n\n\n<p>Este martes 25 de enero, en diversas ciudades del pa\u00eds, se efectuar\u00e1 una movilizaci\u00f3n pac\u00edfica, en distintos horarios, para repudiar los cr\u00edmenes cometidos en este a\u00f1o en contra de Lourdes Maldonado, Margarito Mart\u00ednez Esquivel y Jos\u00e9 Luis Gamboa Arenas,<\/p>\n\n\n\n<p>La protesta tambi\u00e9n estar\u00e1 coordinada en redes sociales con uso de las etiquetas #NiSilencioNiOlvido, #NoSeMataLaVerdad, #SinMasPeriodistasEnSusListas y #PeriodismoEnRiesgo.<\/p>\n\n\n\n<p>En el caso de Oaxaca, ser\u00e1 a las 13:00 horas en la plazuela de la \u201cLibertad de Expresi\u00f3n\u201d, ubicada en la parte posterior de la Casa de la Cultura Oaxaque\u00f1a, en la calle Santos Degollado del centro de la capital.<\/p>\n\n\n\n<p>Las convocatorias piden llevar velas y fotograf\u00edas de los periodistas para leer la lista de comunicadores asesinados en M\u00e9xico como protesta,<\/p>\n\n\n\n<p>En Tijuana, Baja California, ciudad donde fueron asesinados Lourdes Maldonado y Margarito Mart\u00ednez, la concentraci\u00f3n ser\u00e1 a las seis de la tarde. En la entidad tambi\u00e9n habr\u00e1 manifestaciones en Mexicali.<\/p>\n\n\n\n<p>Tambi\u00e9n habr\u00e1 movilizaciones en Xalapa, Orizaba, Acayucan y C\u00f3rdoba, en Veracruz; en Monterrey, Nuevo Le\u00f3n; en Acapulco y Chilpancingo, Guerrero; Canc\u00fan y Chetumal, Quintana Roo; Mazatl\u00e1n y Culiac\u00e1n, Sinaloa; en M\u00e9rida, Yucat\u00e1n; Ciudad Ju\u00e1rez y Chihuahua, Chihuahua; en Colima; Toluca; Estado de M\u00e9xico; Morelia y Uruapan, Michoac\u00e1n; as\u00ed como en Campeche.<\/p>\n\n\n\n<p>(Con informaci\u00f3n de \u201cAnimal Pol\u00edtico\u201d)<\/p>\n","protected":false},"excerpt":{"rendered":"<p>Redacci\u00f3n\/Zona Roja. Oaxaca de Ju\u00e1rez, Oax., 24 de enero de 2022.- La Asociaci\u00f3n de Periodistas&hellip;<\/p>\n","protected":false},"author":2,"featured_media":36782,"comment_status":"closed","ping_status":"open","sticky":false,"template":"","format":"standard","meta":{"_lmt_disableupdate":"","_lmt_disable":"","_jetpack_memberships_contains_paid_content":false,"footnotes":""},"categories":[109,46],"tags":[1041],"class_list":["post-36781","post","type-post","status-publish","format-standard","has-post-thumbnail","hentry","category-minuto-a-minuto","category-zona-blanca","tag-asociacion-de-periodistas-de-oaxaca-apo"],"jetpack_featured_media_url":"https:\/\/zonaroja.com.mx\/wp-content\/uploads\/2022\/01\/APO-jornada-periodismo.jpg","jetpack_sharing_enabled":true,"_links":{"self":[{"href":"https:\/\/zonaroja.com.mx\/index.php?rest_route=\/wp\/v2\/posts\/36781","targetHints":{"allow":["GET"]}}],"collection":[{"href":"https:\/\/zonaroja.com.mx\/index.php?rest_route=\/wp\/v2\/posts"}],"about":[{"href":"https:\/\/zonaroja.com.mx\/index.php?rest_route=\/wp\/v2\/types\/post"}],"author":[{"embeddable":true,"href":"https:\/\/zonaroja.com.mx\/index.php?rest_route=\/wp\/v2\/users\/2"}],"replies":[{"embeddable":true,"href":"https:\/\/zonaroja.com.mx\/index.php?rest_route=%2Fwp%2Fv2%2Fcomments&post=36781"}],"version-history":[{"count":1,"href":"https:\/\/zonaroja.com.mx\/index.php?rest_route=\/wp\/v2\/posts\/36781\/revisions"}],"predecessor-version":[{"id":36783,"href":"https:\/\/zonaroja.com.mx\/index.php?rest_route=\/wp\/v2\/posts\/36781\/revisions\/36783"}],"wp:featuredmedia":[{"embeddable":true,"href":"https:\/\/zonaroja.com.mx\/index.php?rest_route=\/wp\/v2\/media\/36782"}],"wp:attachment":[{"href":"https:\/\/zonaroja.com.mx\/index.php?rest_route=%2Fwp%2Fv2%2Fmedia&parent=36781"}],"wp:term":[{"taxonomy":"category","embeddable":true,"href":"https:\/\/zonaroja.com.mx\/index.php?rest_route=%2Fwp%2Fv2%2Fcategories&post=36781"},{"taxonomy":"post_tag","embeddable":true,"href":"https:\/\/zonaroja.com.mx\/index.php?rest_route=%2Fwp%2Fv2%2Ftags&post=36781"}],"curies":[{"name":"wp","href":"https:\/\/api.w.org\/{rel}","templated":true}]}}