{"id":36788,"date":"2022-01-24T22:19:00","date_gmt":"2022-01-25T04:19:00","guid":{"rendered":"http:\/\/www.zonaroja.com.mx\/?p=36788"},"modified":"2022-01-24T22:19:02","modified_gmt":"2022-01-25T04:19:02","slug":"suman-7-mil-759-trabajadores-del-sector-salud-de-oaxaca-con-covid","status":"publish","type":"post","link":"https:\/\/zonaroja.com.mx\/?p=36788","title":{"rendered":"Suman 7 mil 759 trabajadores del sector Salud de Oaxaca con Covid"},"content":{"rendered":"\n<p>Redacci\u00f3n\/Zona Roja.<\/p>\n\n\n\n<p>Oaxaca de Ju\u00e1rez, Oax. 24 de enero de 2022.- En el informe t\u00e9cnico de este lunes, los Servicios de Salud de Oaxaca (SSO), tienen registrados 230 casos nuevos de Covid-19, que suman 94 mil 932 registros acumulados y en esta jornada no se notifica ninguna defunci\u00f3n, por lo que se mantiene en cinco mil 702 el n\u00famero de lamentables decesos asociados al SARS-CoV-2.<\/p>\n\n\n\n<p>La instituci\u00f3n a nombre de todo el sector Salud, hace un llamado a la poblaci\u00f3n para continuar con las medidas sanitarias establecidas, como usar correctamente el cubrebocas, que cubra nariz y barbilla, mantener la sana distancia de 1.5 metros entre personas, lavar las manos con frecuencia con agua y jab\u00f3n, mantener las \u00e1reas bien ventiladas y evitar aglomeraciones.<\/p>\n\n\n\n<p>Y en caso de presentar s\u00edntomas asociados al Covid-19, como: escurrimiento nasal, estornudos, fatiga, dolor de: cabeza, cuerpo, espalda baja y garganta, sudoraci\u00f3n nocturna, y p\u00e9rdida del apetito, es importante acudir a valoraci\u00f3n m\u00e9dica para el diagn\u00f3stico oportuno y evitar complicaciones.<\/p>\n\n\n\n<figure class=\"wp-block-embed is-type-rich is-provider-twitter wp-block-embed-twitter\"><div class=\"wp-block-embed__wrapper\">\n<div class=\"twitter-tweet\"><blockquote class=\"twitter-tweet\" data-lang=\"es\"><p lang=\"es\" dir=\"ltr\"><a href=\"https:\/\/twitter.com\/hashtag\/%C3%9AltimoMinuto?src=hash&amp;ref_src=twsrc%5Etfw\">#\u00daltimoMinuto<\/a> <br>Los <a href=\"https:\/\/twitter.com\/SSO_GobOax?ref_src=twsrc%5Etfw\">@SSO_GobOax<\/a> reportaron este lunes en <a href=\"https:\/\/twitter.com\/hashtag\/Oaxaca?src=hash&amp;ref_src=twsrc%5Etfw\">#Oaxaca<\/a> 230 casos positivos de Covid y 0 decesos.<br>Suman 94 mil 932 y 5 mil 702 decesos. <br>Hay 10 nosocomios llenos; 5 mil 668 casos activos y ocupaci\u00f3n hospitalaria promedio de 31.1%. <a href=\"https:\/\/t.co\/4h7auvlb6w\">pic.twitter.com\/4h7auvlb6w<\/a><\/p>&mdash; Zona Roja Oaxaca (@Zona_Roja_Oax) <a href=\"https:\/\/twitter.com\/Zona_Roja_Oax\/status\/1485808018608377860?ref_src=twsrc%5Etfw\">25 de enero de 2022<\/a><\/blockquote><\/div>\n<\/div><\/figure>\n\n\n\n<p>Por Jurisdicci\u00f3n Sanitaria, Valles Centrales contabiliza 57 mil 092 casos confirmados y dos mil 535 decesos, Istmo 13 mil 491 casos confirmados y mil 210 muertes, Mixteca siete mil 370 casos confirmados y 583 defunciones, Tuxtepec seis mil 930 casos confirmados y 573 decesos, Costa seis mil 832 casos confirmados y 477 personas perdieron la vida, Sierra tres mil 217 casos confirmados y 324 decesos.<\/p>\n\n\n\n<p>Este 24 de enero los 230 casos nuevos, afectan a 41 municipios, siendo los principales: Oaxaca de Ju\u00e1rez con 94, San Juan Bautista Tuxtepec 30, Santa Mar\u00eda Huatulco nueve, Cuil\u00e1pam de Guerrero siete, Magdalena Apasco, Salina Cruz, Santa Cruz Xoxocotl\u00e1n y Santo Domingo Tehuantepec seis cada uno; San Antonio de la Cal, Villa de Etla, Santiago Pinotepa Nacional y Villa de Zaachila cinco cada uno; el resto de cuatro a un solo caso.<\/p>\n\n\n\n<p>Hoy lunes, se cuantificaron siete mil 759 trabajadores de este sector que se han contagiado por Covid-19, de los cuales dos mil 211 son de la rama m\u00e9dica, dos mil 876 de enfermer\u00eda y dos mil 672 de otras \u00e1reas afines.<\/p>\n\n\n\n<p>La instituci\u00f3n detalla que se registran tres nuevos hospitalizados de un total de 132 que est\u00e1n recibiendo atenci\u00f3n m\u00e9dica, hay 293 camas disponibles de un total de 425, 10 hospitales est\u00e1n al 100% de su ocupaci\u00f3n, y la red global es del 31.1%.<\/p>\n\n\n\n<p>La Jurisdicci\u00f3n Sanitaria de la Mixteca, registra un porcentaje de camas ocupadas del 62.2%, seguido de Valles Centrales con 37%, Tuxtepec con 22.7%, Istmo 20.2% y Costa 20%. Ante cualquier emergencia, los SSO precisan que las personas marquen al 911.<\/p>\n","protected":false},"excerpt":{"rendered":"<p>Redacci\u00f3n\/Zona Roja. Oaxaca de Ju\u00e1rez, Oax. 24 de enero de 2022.- En el informe t\u00e9cnico&hellip;<\/p>\n","protected":false},"author":2,"featured_media":36789,"comment_status":"closed","ping_status":"open","sticky":false,"template":"","format":"standard","meta":{"_lmt_disableupdate":"","_lmt_disable":"","_jetpack_memberships_contains_paid_content":false,"footnotes":""},"categories":[109,47],"tags":[1512],"class_list":["post-36788","post","type-post","status-publish","format-standard","has-post-thumbnail","hentry","category-minuto-a-minuto","category-zona-gris","tag-coronavirus-oaxaca"],"jetpack_featured_media_url":"https:\/\/zonaroja.com.mx\/wp-content\/uploads\/2022\/01\/GRAFICA-SSO-1-2.jpg","jetpack_sharing_enabled":true,"_links":{"self":[{"href":"https:\/\/zonaroja.com.mx\/index.php?rest_route=\/wp\/v2\/posts\/36788","targetHints":{"allow":["GET"]}}],"collection":[{"href":"https:\/\/zonaroja.com.mx\/index.php?rest_route=\/wp\/v2\/posts"}],"about":[{"href":"https:\/\/zonaroja.com.mx\/index.php?rest_route=\/wp\/v2\/types\/post"}],"author":[{"embeddable":true,"href":"https:\/\/zonaroja.com.mx\/index.php?rest_route=\/wp\/v2\/users\/2"}],"replies":[{"embeddable":true,"href":"https:\/\/zonaroja.com.mx\/index.php?rest_route=%2Fwp%2Fv2%2Fcomments&post=36788"}],"version-history":[{"count":1,"href":"https:\/\/zonaroja.com.mx\/index.php?rest_route=\/wp\/v2\/posts\/36788\/revisions"}],"predecessor-version":[{"id":36790,"href":"https:\/\/zonaroja.com.mx\/index.php?rest_route=\/wp\/v2\/posts\/36788\/revisions\/36790"}],"wp:featuredmedia":[{"embeddable":true,"href":"https:\/\/zonaroja.com.mx\/index.php?rest_route=\/wp\/v2\/media\/36789"}],"wp:attachment":[{"href":"https:\/\/zonaroja.com.mx\/index.php?rest_route=%2Fwp%2Fv2%2Fmedia&parent=36788"}],"wp:term":[{"taxonomy":"category","embeddable":true,"href":"https:\/\/zonaroja.com.mx\/index.php?rest_route=%2Fwp%2Fv2%2Fcategories&post=36788"},{"taxonomy":"post_tag","embeddable":true,"href":"https:\/\/zonaroja.com.mx\/index.php?rest_route=%2Fwp%2Fv2%2Ftags&post=36788"}],"curies":[{"name":"wp","href":"https:\/\/api.w.org\/{rel}","templated":true}]}}