{"id":36801,"date":"2022-01-25T08:24:24","date_gmt":"2022-01-25T14:24:24","guid":{"rendered":"http:\/\/www.zonaroja.com.mx\/?p=36801"},"modified":"2022-01-25T08:24:26","modified_gmt":"2022-01-25T14:24:26","slug":"desde-reclusorio-diputado-acusado-de-homicidio-y-ligas-con-narco-felicita-a-aviles","status":"publish","type":"post","link":"https:\/\/zonaroja.com.mx\/?p=36801","title":{"rendered":"Desde reclusorio, diputado acusado de homicidio y ligas con narco, felicita a Avil\u00e9s"},"content":{"rendered":"\n<p>Redacci\u00f3n\/Estado 20.<\/p>\n\n\n\n<p>Oaxaca de Ju\u00e1rez, Oax., 25 de enero de 2022.- Desde la c\u00e1rcel, el ex diputado local por el Partido Revolucionario Institucional (PRI), Gustavo D\u00edaz S\u00e1nchez, llam\u00f3 \u201cjefe pol\u00edtico\u201d al candidato priista a la gubernatura de Oaxaca, Alejandro Avil\u00e9s \u00c1lvarez.<\/p>\n\n\n\n<p>\u201cFelicito a mi amigo el hermano del pueblo @_AvilesAlvarez por su registro como precandidato a gobernador del estado de #Oaxaca #EquipoGDS #FirmesPorOaxaca y firme con #AAA B\u00edceps flexionado con todo\u201d, afirm\u00f3 el imputado por delincuencia organizada.<\/p>\n\n\n\n<p>En sus redes sociales, adem\u00e1s, inform\u00f3 que envi\u00f3 a sus seguidores y equipo a apoyar el registro de Alejandro Avil\u00e9s como precandidato \u00fanico al gobierno de Oaxaca por el PRI que se realiz\u00f3 el pasado jueves 20 de enero de 2022.<\/p>\n\n\n\n<p>Gustavo D\u00edaz fue detenido el 4 de noviembre de 2021 en Veracruz por elementos de la Fuerza Civil, luego de que \u00e9ste acudiera al municipio de Fort\u00edn las Flores, a intentar liberar a su hijo por la fuerza, quien horas antes hab\u00eda sido detenido.<\/p>\n\n\n\n<p>El ex diputado local est\u00e1 acusado por delitos contra la salud, ultrajes a la autoridad, entre otros, y posteriormente imputado por el delito de homicidio por la Fiscal\u00eda General de Oaxaca.<\/p>\n\n\n\n<p>Al d\u00eda 5 de noviembre, el gobernador de Veracruz, Cuitl\u00e1huac Garc\u00eda Jim\u00e9nez, confirm\u00f3 la detenci\u00f3n del diputado oaxaque\u00f1o y su hijo, a quienes relacion\u00f3 como presuntos cabecillas de una organizaci\u00f3n del crimen en Oaxaca y Veracruz, pero sin aportar m\u00e1s informaci\u00f3n para ligarlos a estos dichos.<\/p>\n\n\n\n<p>La noche de ese s\u00e1bado 6 de noviembre que fueron trasladados a la sala de juicios orales para la audiencia y legalizaci\u00f3n de su detenci\u00f3n, tras lo cual le fue dictada prisi\u00f3n preventiva oficiosa, presuntamente por el delito de portaci\u00f3n de armas de fuego de uso exclusivo del ej\u00e9rcito, posesi\u00f3n de droga y ultrajes a la autoridad.<\/p>\n\n\n\n<p>De acuerdo con autoridades veracruzanas, \u201cEl Gato\u201d y su hijo Gustavo Abigail \u2018N\u2019, \u201cEl Pino\u201d, son investigados e identificados por autoridades federales y estatales como responsables de la violencia generada en la zona lim\u00edtrofe Oaxaca-Veracruz, al supuestamente encabezar operaciones de una c\u00e9lula delictiva.<\/p>\n\n\n\n<p>Por esta relaci\u00f3n con Gustavo D\u00edaz, el candidato del PRI a la gubernatura de Oaxaca tambi\u00e9n ha sido vinculado o relacionado con presuntas actividades il\u00edcitas del crimen organizado.<\/p>\n","protected":false},"excerpt":{"rendered":"<p>Redacci\u00f3n\/Estado 20. Oaxaca de Ju\u00e1rez, Oax., 25 de enero de 2022.- Desde la c\u00e1rcel, el&hellip;<\/p>\n","protected":false},"author":2,"featured_media":36802,"comment_status":"closed","ping_status":"open","sticky":false,"template":"","format":"standard","meta":{"_lmt_disableupdate":"","_lmt_disable":"","_jetpack_memberships_contains_paid_content":false,"footnotes":""},"categories":[109,47],"tags":[316],"class_list":["post-36801","post","type-post","status-publish","format-standard","has-post-thumbnail","hentry","category-minuto-a-minuto","category-zona-gris","tag-alejandro-aviles-alvarez"],"jetpack_featured_media_url":"https:\/\/zonaroja.com.mx\/wp-content\/uploads\/2022\/01\/Alejandro-Aviles-y-Gustavo-Diaz.jpg","jetpack_sharing_enabled":true,"_links":{"self":[{"href":"https:\/\/zonaroja.com.mx\/index.php?rest_route=\/wp\/v2\/posts\/36801","targetHints":{"allow":["GET"]}}],"collection":[{"href":"https:\/\/zonaroja.com.mx\/index.php?rest_route=\/wp\/v2\/posts"}],"about":[{"href":"https:\/\/zonaroja.com.mx\/index.php?rest_route=\/wp\/v2\/types\/post"}],"author":[{"embeddable":true,"href":"https:\/\/zonaroja.com.mx\/index.php?rest_route=\/wp\/v2\/users\/2"}],"replies":[{"embeddable":true,"href":"https:\/\/zonaroja.com.mx\/index.php?rest_route=%2Fwp%2Fv2%2Fcomments&post=36801"}],"version-history":[{"count":1,"href":"https:\/\/zonaroja.com.mx\/index.php?rest_route=\/wp\/v2\/posts\/36801\/revisions"}],"predecessor-version":[{"id":36803,"href":"https:\/\/zonaroja.com.mx\/index.php?rest_route=\/wp\/v2\/posts\/36801\/revisions\/36803"}],"wp:featuredmedia":[{"embeddable":true,"href":"https:\/\/zonaroja.com.mx\/index.php?rest_route=\/wp\/v2\/media\/36802"}],"wp:attachment":[{"href":"https:\/\/zonaroja.com.mx\/index.php?rest_route=%2Fwp%2Fv2%2Fmedia&parent=36801"}],"wp:term":[{"taxonomy":"category","embeddable":true,"href":"https:\/\/zonaroja.com.mx\/index.php?rest_route=%2Fwp%2Fv2%2Fcategories&post=36801"},{"taxonomy":"post_tag","embeddable":true,"href":"https:\/\/zonaroja.com.mx\/index.php?rest_route=%2Fwp%2Fv2%2Ftags&post=36801"}],"curies":[{"name":"wp","href":"https:\/\/api.w.org\/{rel}","templated":true}]}}