{"id":36811,"date":"2022-01-25T18:46:04","date_gmt":"2022-01-26T00:46:04","guid":{"rendered":"http:\/\/www.zonaroja.com.mx\/?p=36811"},"modified":"2022-01-25T18:46:06","modified_gmt":"2022-01-26T00:46:06","slug":"exige-diputada-de-nueva-alianza-reorganizacion-y-orden-a-secretaria-de-bienestar","status":"publish","type":"post","link":"https:\/\/zonaroja.com.mx\/?p=36811","title":{"rendered":"Exige diputada de Nueva Alianza reorganizaci\u00f3n y orden a Secretar\u00eda de Bienestar"},"content":{"rendered":"\n<p>Redacci\u00f3n\/Zona Roja.<\/p>\n\n\n\n<p>Oaxaca de Ju\u00e1rez, Oax., 25 de enero de 2022.- La diputada local de Nueva Alianza, Adriana Altamirano Rosales, llam\u00f3 al titular de la Secretar\u00eda de Bienestar Oaxaca, Rub\u00e9n Vasconcelos Mendez, a ocupar sus \u00faltimos meses frente al encargo en reorganizar y reordenar la dependencia a su cargo, que ya ha mostrado inoperancia y falta de resultados.<\/p>\n\n\n\n<p>Durante la comparecencia de Vasconcelos M\u00e9ndez, realizada en el marco de la glosa del Quinto Informe de Gobierno ante la Comisi\u00f3n Permanente de Bienestar y Fomento Cooperativo, la legisladora record\u00f3 que esa secretar\u00eda deber\u00eda ser columna vertebral del gobierno, por lo que cuestion\u00f3 la decisi\u00f3n de aplicar mayores recursos a \u00e1reas como comunicaci\u00f3n social, cuando hay tanta necesidad en la entidad.<\/p>\n\n\n\n<p>\u201cLa concepci\u00f3n t\u00e9cnica, normativa y participativa de la Secretar\u00eda de Bienestar le da la oportunidad de formular y conducir la pol\u00edtica social del estado, con la encomienda de atender a grupos de pobreza y alta marginaci\u00f3n, lo que llevar\u00eda a esa dependencia a ser columna vertebral de la administraci\u00f3n p\u00fablica estatal, cuesti\u00f3n que a\u00fan no vemos reflejado\u201d se\u00f1al\u00f3 Altamirano Rosales.<\/p>\n\n\n\n<p>Por ello lo conmin\u00f3 a la revisi\u00f3n del dise\u00f1o y operaci\u00f3n dela Sebien para que la raz\u00f3n de existencia de esa instituci\u00f3n gubernamental est\u00e9 justificada y no sea una carga burocr\u00e1tica para el gobierno estatal<\/p>\n\n\n\n<p>Y es que la legisladora acus\u00f3 que en sus recorridos por el estado ha recibido la quema de muchas personas que a\u00fan no se ven beneficiadas por los programas que presume el funcionario, debido a la enorme burocracia, tramitolog\u00eda e insensibilidad que permea en la dependencia.<\/p>\n\n\n\n<p>En el acto, la parlamentaria manifest\u00f3 su solidaridad con las y los integrantes del gremio period\u00edstico, por los cr\u00edmenes ocurridos en los \u00faltimos d\u00edas, en Tijuana, Baja California, hechos que engrosan la lista de asesinatos cometidos contra la prensa.<\/p>\n\n\n\n<p>Pero sobre todo, manifest\u00f3 su respaldo a la periodista Soledad Jarqu\u00edn Edgar quien se hizo presente en la comparecencia del funcionario estatal para reclamar justicia por el asesinato de su hija Mar\u00eda del Sol Cruz Jarqu\u00edn.<\/p>\n","protected":false},"excerpt":{"rendered":"<p>Redacci\u00f3n\/Zona Roja. Oaxaca de Ju\u00e1rez, Oax., 25 de enero de 2022.- La diputada local de&hellip;<\/p>\n","protected":false},"author":2,"featured_media":36812,"comment_status":"closed","ping_status":"open","sticky":false,"template":"","format":"standard","meta":{"_lmt_disableupdate":"","_lmt_disable":"","_jetpack_memberships_contains_paid_content":false,"footnotes":""},"categories":[109,46],"tags":[3009],"class_list":["post-36811","post","type-post","status-publish","format-standard","has-post-thumbnail","hentry","category-minuto-a-minuto","category-zona-blanca","tag-adriana-altamirano-rosales"],"jetpack_featured_media_url":"https:\/\/zonaroja.com.mx\/wp-content\/uploads\/2022\/01\/Adriana-Altamirano.jpg","jetpack_sharing_enabled":true,"_links":{"self":[{"href":"https:\/\/zonaroja.com.mx\/index.php?rest_route=\/wp\/v2\/posts\/36811","targetHints":{"allow":["GET"]}}],"collection":[{"href":"https:\/\/zonaroja.com.mx\/index.php?rest_route=\/wp\/v2\/posts"}],"about":[{"href":"https:\/\/zonaroja.com.mx\/index.php?rest_route=\/wp\/v2\/types\/post"}],"author":[{"embeddable":true,"href":"https:\/\/zonaroja.com.mx\/index.php?rest_route=\/wp\/v2\/users\/2"}],"replies":[{"embeddable":true,"href":"https:\/\/zonaroja.com.mx\/index.php?rest_route=%2Fwp%2Fv2%2Fcomments&post=36811"}],"version-history":[{"count":1,"href":"https:\/\/zonaroja.com.mx\/index.php?rest_route=\/wp\/v2\/posts\/36811\/revisions"}],"predecessor-version":[{"id":36813,"href":"https:\/\/zonaroja.com.mx\/index.php?rest_route=\/wp\/v2\/posts\/36811\/revisions\/36813"}],"wp:featuredmedia":[{"embeddable":true,"href":"https:\/\/zonaroja.com.mx\/index.php?rest_route=\/wp\/v2\/media\/36812"}],"wp:attachment":[{"href":"https:\/\/zonaroja.com.mx\/index.php?rest_route=%2Fwp%2Fv2%2Fmedia&parent=36811"}],"wp:term":[{"taxonomy":"category","embeddable":true,"href":"https:\/\/zonaroja.com.mx\/index.php?rest_route=%2Fwp%2Fv2%2Fcategories&post=36811"},{"taxonomy":"post_tag","embeddable":true,"href":"https:\/\/zonaroja.com.mx\/index.php?rest_route=%2Fwp%2Fv2%2Ftags&post=36811"}],"curies":[{"name":"wp","href":"https:\/\/api.w.org\/{rel}","templated":true}]}}