{"id":36816,"date":"2022-01-25T19:55:31","date_gmt":"2022-01-26T01:55:31","guid":{"rendered":"http:\/\/www.zonaroja.com.mx\/?p=36816"},"modified":"2022-01-25T19:55:35","modified_gmt":"2022-01-26T01:55:35","slug":"periodistas-de-oaxaca-exigen-cese-a-la-violencia-contra-el-gremio","status":"publish","type":"post","link":"https:\/\/zonaroja.com.mx\/?p=36816","title":{"rendered":"Periodistas de Oaxaca exigen cese a la violencia contra el gremio"},"content":{"rendered":"\n<p>Yuridiana Sosa\/Zona Roja.<\/p>\n\n\n\n<p>Oaxaca de Ju\u00e1rez, Oax., 25 de enero de 2022.- Bajo la leyenda \u201cNo m\u00e1s violencia contra periodistas\u201d, trabajadores de diferentes medios de comunicaci\u00f3n en Oaxaca demandaron al un\u00edsono justicia por los asesinatos de compa\u00f1eros, cese a las agresiones y garant\u00edas para ejercer esta labor en M\u00e9xico.<\/p>\n\n\n\n<p>Desde la plaza de la \u201cLibertad de Expresi\u00f3n\u201d, en Centro Hist\u00f3rico de la capital oaxaque\u00f1a, los y las reporteras condenaron los hechos violentos contra m\u00e1s de 140 comunicadores en nuestro pa\u00eds en el transcurso del a\u00f1o 2000 al 2022, como ocurri\u00f3 este mes contra tres reporteros, el \u00faltimo de estos casos para arrebatarle la vida a Lourdes Maldonado.<\/p>\n\n\n\n<p>La periodista Soledad Jarqu\u00edn, v\u00edctima de la violencia contra la prensa ante el asesinato de su hija, la fotoperiodista Mar\u00eda del Sol Cruz Jarqu\u00edn, y por amenazas ante la exigencia de justicia, repudi\u00f3 el acto contra Lourdes, con quien hace m\u00e1s de 25 a\u00f1os forj\u00f3 la Red de Nacional de Periodistas.<\/p>\n\n\n\n<p>Los comunicadores lamentaron que el actual gobierno de M\u00e9xico, que encabeza Andr\u00e9 Manuel L\u00f3pez Obrador, contin\u00faen los asesinatos contra comunicadores como forma de censura, en el cual ya se ha cometido 28 cr\u00edmenes de este tipo, lo cual representa m\u00e1s de la mitad del total de los actos cometidos en los dos sexenios anteriores.<\/p>\n\n\n\n<figure class=\"wp-block-embed is-type-rich is-provider-twitter wp-block-embed-twitter\"><div class=\"wp-block-embed__wrapper\">\n<div class=\"twitter-tweet\"><blockquote class=\"twitter-tweet\" data-lang=\"es\"><p lang=\"es\" dir=\"ltr\"><a href=\"https:\/\/twitter.com\/hashtag\/ENVIVO?src=hash&amp;ref_src=twsrc%5Etfw\">#ENVIVO<\/a> <br>Oaxaca de Ju\u00e1rez, Oax.. 25 de enero de 2022.- Comunicadores de Oaxaca protestan en contra de la agresi\u00f3n a periodistas de Oaxaca. <a href=\"https:\/\/twitter.com\/hashtag\/PeriodistasEnRiesgo?src=hash&amp;ref_src=twsrc%5Etfw\">#PeriodistasEnRiesgo<\/a><a href=\"https:\/\/twitter.com\/hashtag\/NoSeMataLaVerdadMatandoPeriodistas?src=hash&amp;ref_src=twsrc%5Etfw\">#NoSeMataLaVerdadMatandoPeriodistas<\/a> <a href=\"https:\/\/t.co\/JZZcImwqO9\">pic.twitter.com\/JZZcImwqO9<\/a><\/p>&mdash; Zona Roja Oaxaca (@Zona_Roja_Oax) <a href=\"https:\/\/twitter.com\/Zona_Roja_Oax\/status\/1486070785739567108?ref_src=twsrc%5Etfw\">25 de enero de 2022<\/a><\/blockquote><\/div>\n<\/div><\/figure>\n\n\n\n<p>\u201cVamos a movilizarnos para exigir que el grado de impunidad no crezca, para eso estamos aqu\u00ed\u201d, sentenciaron los representantes de la Asociaci\u00f3n de Periodistas de Oaxaca (APO), quienes, en m\u00e1s de 50 a\u00f1os de ejercicio period\u00edstico, no hab\u00edan vivido tal violencia contra la prensa.<\/p>\n\n\n\n<p>Los distintos grupos de periodistas urgieron a los Congresos federal y local, una Ley de Protecci\u00f3n a Periodistas, pues en M\u00e9xico, ejercer esta profesi\u00f3n en M\u00e9xico est\u00e1 considerada por organismos defensores nacionales e internacionales como una actividad de alto riesgo.<\/p>\n\n\n\n<p>La actividad fue convocada por la Asociaci\u00f3n de Periodistas de Oaxaca (APO), que encabezan Felipe S\u00e1nchez Jim\u00e9nez, Andr\u00e9s Rodr\u00edguez Ortiz y Alejandro Castellanos L\u00f3pez.<\/p>\n\n\n\n<p>Datos del organismo internacional Art\u00edculo 19 detallan que son 148 periodistas asesinatos en M\u00e9xico entre el a\u00f1o 2000 y enero de 2022; son 132 hombres y 12 mujeres; 22 hechos ocurrieron en el sexenio de Vicente Fox, 48 con Felipe Calder\u00f3n, 47 en el gobierno de Enrique Pe\u00f1a Nieto y 28 en la actual administraci\u00f3n.<\/p>\n","protected":false},"excerpt":{"rendered":"<p>Yuridiana Sosa\/Zona Roja. Oaxaca de Ju\u00e1rez, Oax., 25 de enero de 2022.- Bajo la leyenda&hellip;<\/p>\n","protected":false},"author":2,"featured_media":36817,"comment_status":"closed","ping_status":"open","sticky":false,"template":"","format":"standard","meta":{"_lmt_disableupdate":"","_lmt_disable":"","_jetpack_memberships_contains_paid_content":false,"footnotes":""},"categories":[109,47],"tags":[1041],"class_list":["post-36816","post","type-post","status-publish","format-standard","has-post-thumbnail","hentry","category-minuto-a-minuto","category-zona-gris","tag-asociacion-de-periodistas-de-oaxaca-apo"],"jetpack_featured_media_url":"https:\/\/zonaroja.com.mx\/wp-content\/uploads\/2022\/01\/Periodistas-Oaxaca-APO-protesta.jpg","jetpack_sharing_enabled":true,"_links":{"self":[{"href":"https:\/\/zonaroja.com.mx\/index.php?rest_route=\/wp\/v2\/posts\/36816","targetHints":{"allow":["GET"]}}],"collection":[{"href":"https:\/\/zonaroja.com.mx\/index.php?rest_route=\/wp\/v2\/posts"}],"about":[{"href":"https:\/\/zonaroja.com.mx\/index.php?rest_route=\/wp\/v2\/types\/post"}],"author":[{"embeddable":true,"href":"https:\/\/zonaroja.com.mx\/index.php?rest_route=\/wp\/v2\/users\/2"}],"replies":[{"embeddable":true,"href":"https:\/\/zonaroja.com.mx\/index.php?rest_route=%2Fwp%2Fv2%2Fcomments&post=36816"}],"version-history":[{"count":1,"href":"https:\/\/zonaroja.com.mx\/index.php?rest_route=\/wp\/v2\/posts\/36816\/revisions"}],"predecessor-version":[{"id":36818,"href":"https:\/\/zonaroja.com.mx\/index.php?rest_route=\/wp\/v2\/posts\/36816\/revisions\/36818"}],"wp:featuredmedia":[{"embeddable":true,"href":"https:\/\/zonaroja.com.mx\/index.php?rest_route=\/wp\/v2\/media\/36817"}],"wp:attachment":[{"href":"https:\/\/zonaroja.com.mx\/index.php?rest_route=%2Fwp%2Fv2%2Fmedia&parent=36816"}],"wp:term":[{"taxonomy":"category","embeddable":true,"href":"https:\/\/zonaroja.com.mx\/index.php?rest_route=%2Fwp%2Fv2%2Fcategories&post=36816"},{"taxonomy":"post_tag","embeddable":true,"href":"https:\/\/zonaroja.com.mx\/index.php?rest_route=%2Fwp%2Fv2%2Ftags&post=36816"}],"curies":[{"name":"wp","href":"https:\/\/api.w.org\/{rel}","templated":true}]}}