{"id":36822,"date":"2022-01-25T22:10:20","date_gmt":"2022-01-26T04:10:20","guid":{"rendered":"http:\/\/www.zonaroja.com.mx\/?p=36822"},"modified":"2022-01-25T22:10:24","modified_gmt":"2022-01-26T04:10:24","slug":"sera-oaxaca-sede-de-archivo-general-agrario-de-mexico","status":"publish","type":"post","link":"https:\/\/zonaroja.com.mx\/?p=36822","title":{"rendered":"Ser\u00e1 Oaxaca sede de Archivo General Agrario de M\u00e9xico"},"content":{"rendered":"\n<p>Redacci\u00f3n\/Zona Roja.<\/p>\n\n\n\n<p>Oaxaca de Ju\u00e1rez, Oax. 25 de enero de 2022. Oaxaca ser\u00e1 la nueva sede del Archivo General Agrario de M\u00e9xico y su construcci\u00f3n, en la antigua f\u00e1brica de triplay, estar\u00e1 conformado por un proyecto integral que incluye la recuperaci\u00f3n del r\u00edo \u201cAtoyac\u201d.<\/p>\n\n\n\n<p>As\u00ed lo anunciaron el gobernador Alejandro Murat Hinojosa y el secretario de Desarrollo Agrario, Territorial y Urbano (Sedatu), del Gobierno de M\u00e9xico, Rom\u00e1n Meyer Falc\u00f3n, acompa\u00f1ados por la doctora Beatriz Guti\u00e9rrez M\u00fcller, esposa del Presidente de M\u00e9xico Andr\u00e9s Manuel L\u00f3pez Obrador y presidenta honoraria del Consejo Asesor de Memoria Hist\u00f3rica y Cultural de M\u00e9xico.<\/p>\n\n\n\n<p>Luego de un recorrido por este espacio, ubicado en la agencia San Mart\u00edn Mexic\u00e1pam del municipio capitalino, el mandatario estatal expres\u00f3 que este proyecto hace patente los esfuerzos y trabajo en equipo entre los tres niveles de gobierno, para proteger y salvaguardar el legado cultural e hist\u00f3rico de Oaxaca y de M\u00e9xico.<\/p>\n\n\n\n<p>\u201cLos tres niveles de gobierno estamos trabajando de manera coordinada para recuperar este espacio que ha estado abandonado por m\u00e1s de 20 a\u00f1os. El Gobierno del Estado ya tiene la posesi\u00f3n del predio y se estar\u00e1 consolidando su expropiaci\u00f3n y compraventa a mediados de febrero para iniciar este proyecto integral\u201d, afirm\u00f3 Murat Hinojosa.<\/p>\n\n\n\n<p>En su oportunidad, el titular de la Sedatu del gobierno federal, Rom\u00e1n Meyer Falc\u00f3n, se\u00f1al\u00f3 que el Archivo General Agrario es el segundo m\u00e1s importante del pa\u00eds, y su traslado a la ciudad de Oaxaca obedece a que las instalaciones donde actualmente se encuentra est\u00e1n en declive.<\/p>\n\n\n\n<p>Adem\u00e1s de que Oaxaca es el estado que tiene una mayor representaci\u00f3n de ejidos y comunidades a nivel nacional, y las condiciones clim\u00e1ticas en la ciudad capital oaxaque\u00f1a son id\u00f3neas.<\/p>\n\n\n\n<p>De esta manera, detall\u00f3 que el proyecto integral que acompa\u00f1a la construcci\u00f3n del Archivo General Agrario tendr\u00e1 una inversi\u00f3n de m\u00e1s de 700 millones de pesos por parte del Gobierno de M\u00e9xico y consiste en la recuperaci\u00f3n de 12 hect\u00e1reas en donde era la f\u00e1brica de triplay, un parque urbano, un parque lineal y el \u00e1rea de comedores de la Central de Abasto.<\/p>\n\n\n\n<figure class=\"wp-block-embed is-type-rich is-provider-twitter wp-block-embed-twitter\"><div class=\"wp-block-embed__wrapper\">\n<div class=\"twitter-tweet\"><blockquote class=\"twitter-tweet\" data-lang=\"es\"><p lang=\"es\" dir=\"ltr\"><a href=\"https:\/\/twitter.com\/hashtag\/%C3%9AltimoMinuto?src=hash&amp;ref_src=twsrc%5Etfw\">#\u00daltimoMinuto<\/a> <br>La doctora <a href=\"https:\/\/twitter.com\/BeatrizGMuller?ref_src=twsrc%5Etfw\">@BeatrizGMuller<\/a>, esposa del Presidente <a href=\"https:\/\/twitter.com\/lopezobrador_?ref_src=twsrc%5Etfw\">@lopezobrador_<\/a>, acompa\u00f1ada del gobernador <a href=\"https:\/\/twitter.com\/alejandromurat?ref_src=twsrc%5Etfw\">@alejandromurat<\/a> inici\u00f3 en la antigua f\u00e1brica de triplay de la ciudad de <a href=\"https:\/\/twitter.com\/hashtag\/Oaxaca?src=hash&amp;ref_src=twsrc%5Etfw\">#Oaxaca<\/a>, una gira de trabajo por la capital. <a href=\"https:\/\/t.co\/9VKpQ6MWwB\">pic.twitter.com\/9VKpQ6MWwB<\/a><\/p>&mdash; Zona Roja Oaxaca (@Zona_Roja_Oax) <a href=\"https:\/\/twitter.com\/Zona_Roja_Oax\/status\/1486045403594305545?ref_src=twsrc%5Etfw\">25 de enero de 2022<\/a><\/blockquote><\/div>\n<\/div><\/figure>\n\n\n\n<p>\u201cFANDANGO POR LA LECTURA\u201d<\/p>\n\n\n\n<p>Por otra parte, Murat Hinojosa y Beatriz Guti\u00e9rrez M\u00fcller encabezaron en la capital el denominado \u201cFandango por la lectura\u201d<\/p>\n\n\n\n<p>Esta iniciativa de la presidenta del Consejo Honorario de Memoria Hist\u00f3rica y Cultural de M\u00e9xico, tiene como objetivo principal la promoci\u00f3n de la experiencia lectora<\/p>\n\n\n\n<p>El Mandatario Estatal particip\u00f3 junto a su esposa Ivette Mor\u00e1n en esta actividad que se llev\u00f3 a cabo en el jard\u00edn \u201cEl Pa\u00f1uelito\u201d, en el Centro Hist\u00f3rico.<\/p>\n\n\n\n<p>Murat Hinojosa reconoci\u00f3 el esfuerzo del presidente Andr\u00e9s Manuel L\u00f3pez Obrador para lograr que seamos cada vez m\u00e1s las y los mexicanos que leamos, para reflexionar con mejores herramientas y seguir cambiando para bien a M\u00e9xico.<\/p>\n\n\n\n<p>Guti\u00e9rrez M\u00fcller extern\u00f3 su benepl\u00e1cito por visitar Oaxaca con el prop\u00f3sito de leer, adem\u00e1s comparti\u00f3 a las y los j\u00f3venes que la lectura les permitir\u00e1 ser mejores personas.<\/p>\n\n\n\n<p>\u201cLo menos que pueden sacar de un libro es haber aprendido y yo pienso que los seres humanos hemos venido a aprender; les puedo asegurar que el g\u00e9nero literario que elijan les permitir\u00e1 aprender, porque leer no es un pesar, es un placer\u201d, enfatiz\u00f3.<\/p>\n","protected":false},"excerpt":{"rendered":"<p>Redacci\u00f3n\/Zona Roja. Oaxaca de Ju\u00e1rez, Oax. 25 de enero de 2022. Oaxaca ser\u00e1 la nueva&hellip;<\/p>\n","protected":false},"author":2,"featured_media":36823,"comment_status":"closed","ping_status":"open","sticky":false,"template":"","format":"standard","meta":{"_lmt_disableupdate":"","_lmt_disable":"","_jetpack_memberships_contains_paid_content":false,"footnotes":""},"categories":[109,46],"tags":[173,3010],"class_list":["post-36822","post","type-post","status-publish","format-standard","has-post-thumbnail","hentry","category-minuto-a-minuto","category-zona-blanca","tag-alejandro-murat-hinojosa","tag-beatriz-gutierrez-muller"],"jetpack_featured_media_url":"https:\/\/zonaroja.com.mx\/wp-content\/uploads\/2022\/01\/Alejandro-Murat-y-Beatriz-Gutierrez.jpeg","jetpack_sharing_enabled":true,"_links":{"self":[{"href":"https:\/\/zonaroja.com.mx\/index.php?rest_route=\/wp\/v2\/posts\/36822","targetHints":{"allow":["GET"]}}],"collection":[{"href":"https:\/\/zonaroja.com.mx\/index.php?rest_route=\/wp\/v2\/posts"}],"about":[{"href":"https:\/\/zonaroja.com.mx\/index.php?rest_route=\/wp\/v2\/types\/post"}],"author":[{"embeddable":true,"href":"https:\/\/zonaroja.com.mx\/index.php?rest_route=\/wp\/v2\/users\/2"}],"replies":[{"embeddable":true,"href":"https:\/\/zonaroja.com.mx\/index.php?rest_route=%2Fwp%2Fv2%2Fcomments&post=36822"}],"version-history":[{"count":1,"href":"https:\/\/zonaroja.com.mx\/index.php?rest_route=\/wp\/v2\/posts\/36822\/revisions"}],"predecessor-version":[{"id":36824,"href":"https:\/\/zonaroja.com.mx\/index.php?rest_route=\/wp\/v2\/posts\/36822\/revisions\/36824"}],"wp:featuredmedia":[{"embeddable":true,"href":"https:\/\/zonaroja.com.mx\/index.php?rest_route=\/wp\/v2\/media\/36823"}],"wp:attachment":[{"href":"https:\/\/zonaroja.com.mx\/index.php?rest_route=%2Fwp%2Fv2%2Fmedia&parent=36822"}],"wp:term":[{"taxonomy":"category","embeddable":true,"href":"https:\/\/zonaroja.com.mx\/index.php?rest_route=%2Fwp%2Fv2%2Fcategories&post=36822"},{"taxonomy":"post_tag","embeddable":true,"href":"https:\/\/zonaroja.com.mx\/index.php?rest_route=%2Fwp%2Fv2%2Ftags&post=36822"}],"curies":[{"name":"wp","href":"https:\/\/api.w.org\/{rel}","templated":true}]}}