{"id":36825,"date":"2022-01-25T22:21:22","date_gmt":"2022-01-26T04:21:22","guid":{"rendered":"http:\/\/www.zonaroja.com.mx\/?p=36825"},"modified":"2022-01-25T22:21:25","modified_gmt":"2022-01-26T04:21:25","slug":"se-robo-la-justicia-para-mi-hija-reclama-periodista-a-ex-fiscal-de-oaxaca","status":"publish","type":"post","link":"https:\/\/zonaroja.com.mx\/?p=36825","title":{"rendered":"\u201c\u00a1Se rob\u00f3 la justicia para mi hija!\u201d, reclama periodista a ex fiscal de Oaxaca"},"content":{"rendered":"\n<p>Yuridiana Sosa\/Zona Roja<\/p>\n\n\n\n<p>Oaxaca de Ju\u00e1rez, Oax., 25 de enero de 2022.- A tres a\u00f1os y siete meses del asesinato de la fotoperiodista Mar\u00eda del Sol Cruz Jarqu\u00edn, la justicia no llega, est\u00e1 inv\u00e1lida; la injusticia duele y explota en la garganta de la periodista Soledad Jarqu\u00edn desde la sede del Congreso del Estado de Oaxaca.<\/p>\n\n\n\n<p>\u201c\u00a1Yo pido justicia y eso no me lo dieron! \u00a1El se\u00f1or que est\u00e1 sentado ah\u00ed es un corrupto! \u00a1Se rob\u00f3 la justicia para mi hija!\u201d, sentenci\u00f3 fuertemente la madre de la v\u00edctima contra el ex fiscal de Oaxaca, Rub\u00e9n Vasconcelos M\u00e9ndez, al interrumpir su comparecencia como titular de la Secretar\u00eda de Bienestar (Sebien).<\/p>\n\n\n\n<p>Por unos minutos el encuentro del ex fiscal con los diputados se paus\u00f3 ante la en\u00e9rgica condena de la periodista por la falta de justicia, de lo que responsabiliza a Vasconcelos M\u00e9ndez por el sobreseimiento de la carpeta de \u00abhomicidio calificado\u00bb de Mar\u00eda del Sol Cruz Jarqu\u00edn, as\u00ed como de Pamela Ter\u00e1n y Adelfo Jim\u00e9nez Guerra, ocurrido el 2 de junio de 2018 en Juchit\u00e1n de Zaragoza.<\/p>\n\n\n\n<figure class=\"wp-block-embed is-type-rich is-provider-twitter wp-block-embed-twitter\"><div class=\"wp-block-embed__wrapper\">\n<div class=\"twitter-tweet\"><blockquote class=\"twitter-tweet\" data-lang=\"es\"><p lang=\"es\" dir=\"ltr\">\u201c\u00a1Yo pido justicia y eso no me lo dieron! \u00a1El se\u00f1or que est\u00e1 sentado ah\u00ed es un corrupto! \u00a1Se rob\u00f3 la justicia para mi hija!\u201d. El reclamo hoy de la <a href=\"https:\/\/twitter.com\/hashtag\/periodista?src=hash&amp;ref_src=twsrc%5Etfw\">#periodista<\/a> <a href=\"https:\/\/twitter.com\/jarquinedgar?ref_src=twsrc%5Etfw\">@jarquinedgar<\/a> a <a href=\"https:\/\/twitter.com\/RVasconcelosM?ref_src=twsrc%5Etfw\">@RVasconcelosM<\/a>, ex fiscal de Oaxaca, en la sede del <a href=\"https:\/\/twitter.com\/CongresoOaxaca_?ref_src=twsrc%5Etfw\">@CongresoOaxaca_<\/a>.<br>Video: <a href=\"https:\/\/twitter.com\/esprimeralinea?ref_src=twsrc%5Etfw\">@esprimeralinea<\/a> <a href=\"https:\/\/t.co\/MFz780QMer\">pic.twitter.com\/MFz780QMer<\/a><\/p>&mdash; Zona Roja Oaxaca (@Zona_Roja_Oax) <a href=\"https:\/\/twitter.com\/Zona_Roja_Oax\/status\/1486117301262995460?ref_src=twsrc%5Etfw\">25 de enero de 2022<\/a><\/blockquote><\/div>\n<\/div><\/figure>\n\n\n\n<p>Pues las investigaciones del caso m\u00e1s que avanzar en el periodo de Rub\u00e9n Vasconcelos, presentaron retrocesos para esclarecer el homicidio.<\/p>\n\n\n\n<p>&#8211;Se\u00f1ora, la entiendo y si gusta podemos establecer una mesa de di\u00e1logo para sumarnos a su lucha, &#8211;se escuch\u00f3 la voz de una diputada a trav\u00e9s de la bocina, al tiempo que ped\u00eda orden en la sesi\u00f3n.<\/p>\n\n\n\n<p>&#8211;\u00a1Casi cuatro a\u00f1os, ninguna mesa di\u00e1logo, justicia!, &#8211;recalc\u00f3 la periodista, que de forma inmediata rechaz\u00f3 la mesa ofrecida por su silencio en la sesi\u00f3n.<\/p>\n\n\n\n<p>Consorcio Oaxaca tambi\u00e9n se pronunci\u00f3 a favor de la lucha de Soledad Jarqu\u00edn y exigi\u00f3 justicia por este crimen.<\/p>\n\n\n\n<p>La asociaci\u00f3n defensora y seguidora de este caso, asever\u00f3 que Vasconcelos M\u00e9ndez, como fiscal de Oaxaca, es el responsable del encubrimiento de autores materiales e intelectuales del triple asesinato, a quienes no investig\u00f3.<\/p>\n\n\n\n<p>\u201cNo s\u00e9 apeg\u00f3 a realizar las investigaciones con perspectiva de g\u00e9nero, permiti\u00f3 el robo de pruebas sustanciales, fabric\u00f3 testigos y obstaculiza el desarrollo de las audiencias\u201d, puntualiz\u00f3 la organizaci\u00f3n.<\/p>\n","protected":false},"excerpt":{"rendered":"<p>Yuridiana Sosa\/Zona Roja Oaxaca de Ju\u00e1rez, Oax., 25 de enero de 2022.- A tres a\u00f1os&hellip;<\/p>\n","protected":false},"author":2,"featured_media":36826,"comment_status":"closed","ping_status":"open","sticky":false,"template":"","format":"standard","meta":{"_lmt_disableupdate":"","_lmt_disable":"","_jetpack_memberships_contains_paid_content":false,"footnotes":""},"categories":[109,46],"tags":[1105],"class_list":["post-36825","post","type-post","status-publish","format-standard","has-post-thumbnail","hentry","category-minuto-a-minuto","category-zona-blanca","tag-soledad-jarquin-edgar"],"jetpack_featured_media_url":"https:\/\/zonaroja.com.mx\/wp-content\/uploads\/2022\/01\/Protesta-Soledad-Jarquin-Congreso.jpg","jetpack_sharing_enabled":true,"_links":{"self":[{"href":"https:\/\/zonaroja.com.mx\/index.php?rest_route=\/wp\/v2\/posts\/36825","targetHints":{"allow":["GET"]}}],"collection":[{"href":"https:\/\/zonaroja.com.mx\/index.php?rest_route=\/wp\/v2\/posts"}],"about":[{"href":"https:\/\/zonaroja.com.mx\/index.php?rest_route=\/wp\/v2\/types\/post"}],"author":[{"embeddable":true,"href":"https:\/\/zonaroja.com.mx\/index.php?rest_route=\/wp\/v2\/users\/2"}],"replies":[{"embeddable":true,"href":"https:\/\/zonaroja.com.mx\/index.php?rest_route=%2Fwp%2Fv2%2Fcomments&post=36825"}],"version-history":[{"count":1,"href":"https:\/\/zonaroja.com.mx\/index.php?rest_route=\/wp\/v2\/posts\/36825\/revisions"}],"predecessor-version":[{"id":36827,"href":"https:\/\/zonaroja.com.mx\/index.php?rest_route=\/wp\/v2\/posts\/36825\/revisions\/36827"}],"wp:featuredmedia":[{"embeddable":true,"href":"https:\/\/zonaroja.com.mx\/index.php?rest_route=\/wp\/v2\/media\/36826"}],"wp:attachment":[{"href":"https:\/\/zonaroja.com.mx\/index.php?rest_route=%2Fwp%2Fv2%2Fmedia&parent=36825"}],"wp:term":[{"taxonomy":"category","embeddable":true,"href":"https:\/\/zonaroja.com.mx\/index.php?rest_route=%2Fwp%2Fv2%2Fcategories&post=36825"},{"taxonomy":"post_tag","embeddable":true,"href":"https:\/\/zonaroja.com.mx\/index.php?rest_route=%2Fwp%2Fv2%2Ftags&post=36825"}],"curies":[{"name":"wp","href":"https:\/\/api.w.org\/{rel}","templated":true}]}}