{"id":36829,"date":"2022-01-25T22:26:23","date_gmt":"2022-01-26T04:26:23","guid":{"rendered":"http:\/\/www.zonaroja.com.mx\/?p=36829"},"modified":"2022-01-25T22:26:25","modified_gmt":"2022-01-26T04:26:25","slug":"covid-al-maximo-en-oaxaca-mil-195-contagios-8-decesos-y-11-hospitales-al-100","status":"publish","type":"post","link":"https:\/\/zonaroja.com.mx\/?p=36829","title":{"rendered":"Covid al m\u00e1ximo en Oaxaca: mil 195 contagios, 8 decesos y 11 hospitales al 100%"},"content":{"rendered":"\n<p>Redacci\u00f3n\/Zona Roja.<\/p>\n\n\n\n<p>Oaxaca de Ju\u00e1rez, Oax. 25 de enero de 2022.- Al corte de este martes, los Servicios de Salud de Oaxaca (SSO), registran un aumento de mil 195 casos nuevos de Covid-19, ocho defunciones, as\u00ed como seis mil 128 personas que cursan con la enfermedad en su fase activa en 195 municipios y 11 hospitales se encuentran al 100% de su capacidad.<\/p>\n\n\n\n<p>Ante este panorama, la instituci\u00f3n recalca que para disminuir los contagios es fundamental continuar aplicando las medidas sanitarias como el uso de cubrebocas en espacios p\u00fablicos y cerrados, mantener la sana distancia de 1.5 metros entre personas, as\u00ed como lavar las manos con agua y jab\u00f3n.<\/p>\n\n\n\n<p>De igual forma evitar las reuniones o eventos masivos, con la finalidad de disminuir el aumento de casos y lamentables defunciones, ya que la pandemia a\u00fan sigue activa en las ocho regiones de la entidad.<\/p>\n\n\n\n<p>En el informe t\u00e9cnico de este 25 de enero, la instituci\u00f3n contabiliza un acumulado de 96 mil 127 casos confirmados del SARS-CoV-2, cinco mil 710 defunciones, 84 mil 289 personas se han recuperado de la enfermedad y hay seis mil 115 casos sospechosos.<\/p>\n\n\n\n<p>Por Jurisdicci\u00f3n Sanitaria, Valles Centrales contabiliza 57 mil 811 casos confirmados y dos mil 539 decesos, Istmo 13 mil 663 casos activos y mil 211 personas perdieron la vida, Mixteca siete mil 463 casos confirmados y 585 defunciones, Tuxtepec siete mil 053 casos confirmados y 573 decesos, Costa seis mil 889 casos confirmados y 478 muertes, Sierra tres mil 248 casos confirmados y 324 defunciones.<\/p>\n\n\n\n<figure class=\"wp-block-embed is-type-rich is-provider-twitter wp-block-embed-twitter\"><div class=\"wp-block-embed__wrapper\">\n<div class=\"twitter-tweet\"><blockquote class=\"twitter-tweet\" data-lang=\"es\"><p lang=\"es\" dir=\"ltr\"><a href=\"https:\/\/twitter.com\/hashtag\/%C3%9AltimoMinuto?src=hash&amp;ref_src=twsrc%5Etfw\">#\u00daltimoMinuto<\/a><br>\u00a1Otra vez Covid al m\u00e1ximo en <a href=\"https:\/\/twitter.com\/hashtag\/Oaxaca?src=hash&amp;ref_src=twsrc%5Etfw\">#Oaxaca<\/a>! Los <a href=\"https:\/\/twitter.com\/SSO_GobOax?ref_src=twsrc%5Etfw\">@SSO_GobOax<\/a> reportan hoy martes mil 195 casos positivos y 8 decesos.<br>Suman 96 mil 127 casos confirmados y 5 mil 710 fallecimientos.<br>Sube a 11 nosocomios saturados; hay 6 mil 128 casos activos; ocupaci\u00f3n hospitalaria al 37.1% <a href=\"https:\/\/t.co\/Rysr4gOliO\">pic.twitter.com\/Rysr4gOliO<\/a><\/p>&mdash; Zona Roja Oaxaca (@Zona_Roja_Oax) <a href=\"https:\/\/twitter.com\/Zona_Roja_Oax\/status\/1486177452145758212?ref_src=twsrc%5Etfw\">26 de enero de 2022<\/a><\/blockquote><\/div>\n<\/div><\/figure>\n\n\n\n<p>Los mil 195 casos positivos afectan a 113 municipios, entre los cuales, Oaxaca de Ju\u00e1rez cuantifica 358, seguido de San Juan Bautista Tuxtepec 83, Heroica Ciudad de Huajuapan de Le\u00f3n 72, Santa Cruz Xoxocotl\u00e1n 51, Salina Cruz 44, Loma Bonita 35, Santa Luc\u00eda del Camino 29, Ciudad Ixtepec 27, Heroica Ciudad de Juchit\u00e1n de Zaragoza 23, San Pablo Etla y Santo Domingo Tehuantepec 21 cada uno, el resto de 17 a un solo caso.<\/p>\n\n\n\n<p>De las cinco mil 710 defunciones, por sexo tres mil 643 son hombres y dos mil 067 mujeres; el grupo de edad m\u00e1s afectado es el de 65 y m\u00e1s con dos mil 666, seguido de 50 a 59 con mil 201, y de 60 a 64 con 782; las comorbilidades asociadas son la hipertensi\u00f3n arterial con 39.2%, posteriormente diabetes con 36.5%, obesidad 21.1% e insuficiencia renal 6.5%.<\/p>\n\n\n\n<p>Este martes, se registran 11 hospitales al 100% de su capacidad con 26 nuevos hospitalizados de un total de 158 que se encuentran recibiendo atenci\u00f3n m\u00e9dica, hay 268 camas disponibles de un total de 426.<\/p>\n\n\n\n<p>La ocupaci\u00f3n global es del 37.1%, las camas ocupadas por pacientes con COVID-19 por Jurisdicci\u00f3n Sanitaria, resalta la Mixteca con un 63.2%, seguido de Valles Centrales con 42.4%, y Tuxtepec con 36.4%.<\/p>\n\n\n\n<p>Ante cualquier s\u00edntoma relacionado al SARS-CoV-2, como tos seca, fiebre, escurrimiento nasal, p\u00e9rdida del gusto y olfato, fiebre, y dolor de garganta entre otros, es importante acudir a valoraci\u00f3n m\u00e9dica y ante cualquier emergencia llamar al 911. \u201cLa salud es responsabilidad de todas y todos\u201d, subrayaron los SSO.<\/p>\n","protected":false},"excerpt":{"rendered":"<p>Redacci\u00f3n\/Zona Roja. Oaxaca de Ju\u00e1rez, Oax. 25 de enero de 2022.- Al corte de este&hellip;<\/p>\n","protected":false},"author":2,"featured_media":36830,"comment_status":"closed","ping_status":"open","sticky":false,"template":"","format":"standard","meta":{"_lmt_disableupdate":"","_lmt_disable":"","_jetpack_memberships_contains_paid_content":false,"footnotes":""},"categories":[109,47],"tags":[1512],"class_list":["post-36829","post","type-post","status-publish","format-standard","has-post-thumbnail","hentry","category-minuto-a-minuto","category-zona-gris","tag-coronavirus-oaxaca"],"jetpack_featured_media_url":"https:\/\/zonaroja.com.mx\/wp-content\/uploads\/2022\/01\/GRAFICA-SSO-1-1-1.jpg","jetpack_sharing_enabled":true,"_links":{"self":[{"href":"https:\/\/zonaroja.com.mx\/index.php?rest_route=\/wp\/v2\/posts\/36829","targetHints":{"allow":["GET"]}}],"collection":[{"href":"https:\/\/zonaroja.com.mx\/index.php?rest_route=\/wp\/v2\/posts"}],"about":[{"href":"https:\/\/zonaroja.com.mx\/index.php?rest_route=\/wp\/v2\/types\/post"}],"author":[{"embeddable":true,"href":"https:\/\/zonaroja.com.mx\/index.php?rest_route=\/wp\/v2\/users\/2"}],"replies":[{"embeddable":true,"href":"https:\/\/zonaroja.com.mx\/index.php?rest_route=%2Fwp%2Fv2%2Fcomments&post=36829"}],"version-history":[{"count":1,"href":"https:\/\/zonaroja.com.mx\/index.php?rest_route=\/wp\/v2\/posts\/36829\/revisions"}],"predecessor-version":[{"id":36831,"href":"https:\/\/zonaroja.com.mx\/index.php?rest_route=\/wp\/v2\/posts\/36829\/revisions\/36831"}],"wp:featuredmedia":[{"embeddable":true,"href":"https:\/\/zonaroja.com.mx\/index.php?rest_route=\/wp\/v2\/media\/36830"}],"wp:attachment":[{"href":"https:\/\/zonaroja.com.mx\/index.php?rest_route=%2Fwp%2Fv2%2Fmedia&parent=36829"}],"wp:term":[{"taxonomy":"category","embeddable":true,"href":"https:\/\/zonaroja.com.mx\/index.php?rest_route=%2Fwp%2Fv2%2Fcategories&post=36829"},{"taxonomy":"post_tag","embeddable":true,"href":"https:\/\/zonaroja.com.mx\/index.php?rest_route=%2Fwp%2Fv2%2Ftags&post=36829"}],"curies":[{"name":"wp","href":"https:\/\/api.w.org\/{rel}","templated":true}]}}