{"id":36832,"date":"2022-01-26T06:47:23","date_gmt":"2022-01-26T12:47:23","guid":{"rendered":"http:\/\/www.zonaroja.com.mx\/?p=36832"},"modified":"2022-01-26T11:47:24","modified_gmt":"2022-01-26T17:47:24","slug":"impulsan-en-santa-lucia-del-gamino-promocion-de-fuentes-de-empleo","status":"publish","type":"post","link":"https:\/\/zonaroja.com.mx\/?p=36832","title":{"rendered":"Impulsan en Santa Luc\u00eda del Camino promoci\u00f3n de fuentes de empleo"},"content":{"rendered":"\n<p>Redacci\u00f3n\/Zona Roja.<\/p>\n\n\n\n<p>Oaxaca de Ju\u00e1rez, Oax., 26 de enero de 2022.- Juan Carlos Garc\u00eda M\u00e1rquez, presidente municipal de Santa Luc\u00eda del Camino, particip\u00f3 en conjunto con Leslie Jim\u00e9nez Valencia, titular de la Coordinaci\u00f3n del Servicio Nacional de Empleo Oaxaca, en la inauguraci\u00f3n del \u00abD\u00eda por el empleo Santa Luc\u00eda del Camino 2022\u00bb.<\/p>\n\n\n\n<p>El mun\u00edcipe se\u00f1al\u00f3 que con este tipo de eventos en el que participan m\u00e1s de 15 empresas ofertando diversos puestos, se busca brindar mayores oportunidades de empleo en la poblaci\u00f3n, as\u00ed como el impulsar la econom\u00eda del municipio.<\/p>\n\n\n\n<p>En ese sentido, el edil reiter\u00f3 que a pocos d\u00edas de haber iniciado con su administraci\u00f3n, contin\u00faan las acciones en favor de los ciudadanos de Santa Luc\u00eda. Asimismo, agradeci\u00f3 a Leslie Jim\u00e9nez Valencia, titular de la Coordinaci\u00f3n; a las empresas y los integrantes del ayuntamiento, su colaboraci\u00f3n para poder ofertar los empleos y brindarles las oportunidades a las familias del municipio.&nbsp;<\/p>\n\n\n\n<p>Por su parte, Jim\u00e9nez Valencia agradeci\u00f3 la disposici\u00f3n del presidente, su Cabildo y las empresas por facilitar la realizaci\u00f3n del evento; en donde, se\u00f1al\u00f3 que los puestos ofertados son formales, con seguridad social, con una empresa que los respalda.<\/p>\n\n\n\n<p>As\u00ed tambi\u00e9n, indic\u00f3 que este tipo de eventos son una muestra de que cuando hay esfuerzos combinados en los temas municipales con el estado, se pueden lograr grandes beneficios para la poblaci\u00f3n.<\/p>\n\n\n\n<p>Las empresas ofertaron 400 puestos de trabajo, en un horario de 9:00 a 15:00 horas, en la explanada municipal, a donde los interesados pudieron acercarse con su solicitud de empleo, curriculum vitae, comprobante de domicilio y respetando las medidas sanitarias.<\/p>\n","protected":false},"excerpt":{"rendered":"<p>Redacci\u00f3n\/Zona Roja. Oaxaca de Ju\u00e1rez, Oax., 26 de enero de 2022.- Juan Carlos Garc\u00eda M\u00e1rquez,&hellip;<\/p>\n","protected":false},"author":2,"featured_media":36833,"comment_status":"closed","ping_status":"open","sticky":false,"template":"","format":"standard","meta":{"_lmt_disableupdate":"","_lmt_disable":"","_jetpack_memberships_contains_paid_content":false,"footnotes":""},"categories":[109,46],"tags":[337],"class_list":["post-36832","post","type-post","status-publish","format-standard","has-post-thumbnail","hentry","category-minuto-a-minuto","category-zona-blanca","tag-santa-lucia-del-camino"],"jetpack_featured_media_url":"https:\/\/zonaroja.com.mx\/wp-content\/uploads\/2022\/01\/Santa-Lucia-Juan-Carlos-Garcia-empleo.jpg","jetpack_sharing_enabled":true,"_links":{"self":[{"href":"https:\/\/zonaroja.com.mx\/index.php?rest_route=\/wp\/v2\/posts\/36832","targetHints":{"allow":["GET"]}}],"collection":[{"href":"https:\/\/zonaroja.com.mx\/index.php?rest_route=\/wp\/v2\/posts"}],"about":[{"href":"https:\/\/zonaroja.com.mx\/index.php?rest_route=\/wp\/v2\/types\/post"}],"author":[{"embeddable":true,"href":"https:\/\/zonaroja.com.mx\/index.php?rest_route=\/wp\/v2\/users\/2"}],"replies":[{"embeddable":true,"href":"https:\/\/zonaroja.com.mx\/index.php?rest_route=%2Fwp%2Fv2%2Fcomments&post=36832"}],"version-history":[{"count":2,"href":"https:\/\/zonaroja.com.mx\/index.php?rest_route=\/wp\/v2\/posts\/36832\/revisions"}],"predecessor-version":[{"id":36851,"href":"https:\/\/zonaroja.com.mx\/index.php?rest_route=\/wp\/v2\/posts\/36832\/revisions\/36851"}],"wp:featuredmedia":[{"embeddable":true,"href":"https:\/\/zonaroja.com.mx\/index.php?rest_route=\/wp\/v2\/media\/36833"}],"wp:attachment":[{"href":"https:\/\/zonaroja.com.mx\/index.php?rest_route=%2Fwp%2Fv2%2Fmedia&parent=36832"}],"wp:term":[{"taxonomy":"category","embeddable":true,"href":"https:\/\/zonaroja.com.mx\/index.php?rest_route=%2Fwp%2Fv2%2Fcategories&post=36832"},{"taxonomy":"post_tag","embeddable":true,"href":"https:\/\/zonaroja.com.mx\/index.php?rest_route=%2Fwp%2Fv2%2Ftags&post=36832"}],"curies":[{"name":"wp","href":"https:\/\/api.w.org\/{rel}","templated":true}]}}