{"id":36835,"date":"2022-01-26T06:51:48","date_gmt":"2022-01-26T12:51:48","guid":{"rendered":"http:\/\/www.zonaroja.com.mx\/?p=36835"},"modified":"2022-01-26T06:51:50","modified_gmt":"2022-01-26T12:51:50","slug":"le-dan-34-anos-de-prision-a-mujer-de-oaxaca-que-obligo-a-su-hija-a-prostituirse","status":"publish","type":"post","link":"https:\/\/zonaroja.com.mx\/?p=36835","title":{"rendered":"Le dan 34 a\u00f1os de prisi\u00f3n a mujer de Oaxaca que oblig\u00f3 a su hija a prostituirse"},"content":{"rendered":"\n<p>Redacci\u00f3n\/Zona Roja.<\/p>\n\n\n\n<p>Oaxaca de Ju\u00e1rez, Oax., 26 de enero de 2022.- La Fiscal\u00eda General del Estado de Oaxaca (FGEO) obtuvo, del Tribunal de Enjuiciamiento, sentencia condenatoria de 34 a\u00f1os de prisi\u00f3n contra la persona del sexo femenino identificada como V. L. C.<\/p>\n\n\n\n<p>Ello como responsable de los delitos de trata de personas en su modalidad de alojamiento, explotaci\u00f3n sexual en su modalidad de prostituci\u00f3n ajena agravados y violaci\u00f3n agravada en contra de su hija adolescente, cometido entre los meses de mayo y junio de 2020, en jurisdicci\u00f3n de Santo Domingo Tehuantepec, regi\u00f3n del Istmo.<\/p>\n\n\n\n<p>De acuerdo con la causa penal 441\/2020, el 18 de mayo de 2020, el padrastro de la v\u00edctima -identificado como E. Z. R. y quien se encuentra vinculado a proceso por el mismo caso- agredi\u00f3 sexualmente a la adolescente. Posteriormente y en complicidad con su madre, la oblig\u00f3 a prostituirse en diversos sitios del municipio de Santo Domingo Tehuantepec.<\/p>\n\n\n\n<p>Ante estos hechos, la Instituci\u00f3n de procuraci\u00f3n de justicia inici\u00f3 una exhaustiva investigaci\u00f3n \u2013a trav\u00e9s de la Unidad Especializada en el Combate a la Trata de Personas de la Fiscal\u00eda Especializada en Atenci\u00f3n a Delitos de Alto Impacto-, logrando aprehender y presentar ante el Juzgado de Control a los probables responsables, quienes fueron vinculados a proceso.<\/p>\n\n\n\n<p>En audiencia, el Tribunal de Enjuiciamiento dict\u00f3 sentencia condenatoria contra V. L. C., a quien impuso la pena de 34 a\u00f1os de prisi\u00f3n.<\/p>\n","protected":false},"excerpt":{"rendered":"<p>Redacci\u00f3n\/Zona Roja. Oaxaca de Ju\u00e1rez, Oax., 26 de enero de 2022.- La Fiscal\u00eda General del&hellip;<\/p>\n","protected":false},"author":2,"featured_media":30723,"comment_status":"closed","ping_status":"open","sticky":false,"template":"","format":"standard","meta":{"_lmt_disableupdate":"","_lmt_disable":"","_jetpack_memberships_contains_paid_content":false,"footnotes":""},"categories":[109,46],"tags":[494],"class_list":["post-36835","post","type-post","status-publish","format-standard","has-post-thumbnail","hentry","category-minuto-a-minuto","category-zona-blanca","tag-fiscalia-general-del-estado-de-oaxaca"],"jetpack_featured_media_url":"https:\/\/zonaroja.com.mx\/wp-content\/uploads\/2021\/08\/Prision-carcel-1.jpg","jetpack_sharing_enabled":true,"_links":{"self":[{"href":"https:\/\/zonaroja.com.mx\/index.php?rest_route=\/wp\/v2\/posts\/36835","targetHints":{"allow":["GET"]}}],"collection":[{"href":"https:\/\/zonaroja.com.mx\/index.php?rest_route=\/wp\/v2\/posts"}],"about":[{"href":"https:\/\/zonaroja.com.mx\/index.php?rest_route=\/wp\/v2\/types\/post"}],"author":[{"embeddable":true,"href":"https:\/\/zonaroja.com.mx\/index.php?rest_route=\/wp\/v2\/users\/2"}],"replies":[{"embeddable":true,"href":"https:\/\/zonaroja.com.mx\/index.php?rest_route=%2Fwp%2Fv2%2Fcomments&post=36835"}],"version-history":[{"count":1,"href":"https:\/\/zonaroja.com.mx\/index.php?rest_route=\/wp\/v2\/posts\/36835\/revisions"}],"predecessor-version":[{"id":36836,"href":"https:\/\/zonaroja.com.mx\/index.php?rest_route=\/wp\/v2\/posts\/36835\/revisions\/36836"}],"wp:featuredmedia":[{"embeddable":true,"href":"https:\/\/zonaroja.com.mx\/index.php?rest_route=\/wp\/v2\/media\/30723"}],"wp:attachment":[{"href":"https:\/\/zonaroja.com.mx\/index.php?rest_route=%2Fwp%2Fv2%2Fmedia&parent=36835"}],"wp:term":[{"taxonomy":"category","embeddable":true,"href":"https:\/\/zonaroja.com.mx\/index.php?rest_route=%2Fwp%2Fv2%2Fcategories&post=36835"},{"taxonomy":"post_tag","embeddable":true,"href":"https:\/\/zonaroja.com.mx\/index.php?rest_route=%2Fwp%2Fv2%2Ftags&post=36835"}],"curies":[{"name":"wp","href":"https:\/\/api.w.org\/{rel}","templated":true}]}}