{"id":36837,"date":"2022-01-26T07:16:57","date_gmt":"2022-01-26T13:16:57","guid":{"rendered":"http:\/\/www.zonaroja.com.mx\/?p=36837"},"modified":"2022-01-26T07:16:59","modified_gmt":"2022-01-26T13:16:59","slug":"crimenes-contra-periodistas-une-al-pais-en-un-clamor-justicia","status":"publish","type":"post","link":"https:\/\/zonaroja.com.mx\/?p=36837","title":{"rendered":"Cr\u00edmenes contra periodistas une al pa\u00eds en un clamor: \u00a1Justicia!"},"content":{"rendered":"\n<p>Redacci\u00f3n\/Zona Roja Cdmx.<\/p>\n\n\n\n<p>Ciudad de M\u00e9xico, 26 de enero de 2022.- Cientos de periodistas protestaron este martes en varias ciudades de M\u00e9xico para exigir justicia por los recientes homicidios de tres comunicadores en el pa\u00eds, calificado por organismos internacionales como uno de los lugares m\u00e1s peligrosos para los trabajadores de la prensa.<\/p>\n\n\n\n<p>Los organizadores convocaron a decenas de concentraciones p\u00fablicas en m\u00e1s de 28 puntos a lo largo M\u00e9xico, con 125 millones de habitantes, donde se escuchaba en muchas de ellas el grito de \u00abni uno m\u00e1s\u00bb.<\/p>\n\n\n\n<p>Tambi\u00e9n hubo protestas virtuales con las etiquetas #NiSilencioNiOlvido; #NoSeMataLaVerdad y #PeriodismoEnRiesgo.<\/p>\n\n\n\n<p>En M\u00e9xico han sido asesinados 147 comunicadores entre 2000-2022 en casos posiblemente relacionados con su labor, seg\u00fan la organizaci\u00f3n Art\u00edculo 19, que conden\u00f3 la semana pasada los m\u00e1s recientes hechos ocurridos en la fronteriza ciudad Tijuana, en el estado Baja California, y en el estado Veracruz.<\/p>\n\n\n\n<p>\u00abSe deben redoblar esfuerzos para proteger a periodistas y personas defensoras de derechos humanos y poner fin a la impunidad de estos cr\u00edmenes\u00bb, dijo ONU M\u00e9xico, tras los cr\u00edmenes de los comunicadores Jos\u00e9 Luis Gamboa, Lourdes Maldonado y Margarito Mart\u00ednez.<\/p>\n\n\n\n<figure class=\"wp-block-image size-full\"><a href=\"http:\/\/www.zonaroja.com.mx\/wp-content\/uploads\/2022\/01\/Prensa-periodismo-periodistas-violencia.jpg\" data-rel=\"penci-gallery-image-content\" ><img decoding=\"async\" width=\"400\" height=\"250\" src=\"http:\/\/www.zonaroja.com.mx\/wp-content\/uploads\/2022\/01\/Prensa-periodismo-periodistas-violencia.jpg\" alt=\"\" class=\"wp-image-36839\" srcset=\"https:\/\/zonaroja.com.mx\/wp-content\/uploads\/2022\/01\/Prensa-periodismo-periodistas-violencia.jpg 400w, https:\/\/zonaroja.com.mx\/wp-content\/uploads\/2022\/01\/Prensa-periodismo-periodistas-violencia-300x188.jpg 300w\" sizes=\"(max-width: 400px) 100vw, 400px\" \/><\/a><\/figure>\n\n\n\n<p>Maldonado, de 68 a\u00f1os, muri\u00f3 el domingo al recibir un disparo en la cabeza en la puerta de su casa en Tijuana, tres a\u00f1os despu\u00e9s de que pidiera p\u00fablicamente al propio presidente Andr\u00e9s Manuel L\u00f3pez Obrador protecci\u00f3n porque tem\u00eda por su vida. El ataque ocurri\u00f3 a menos de una semana del fallecimiento de su colega en Tijuana, Mart\u00ednez.<\/p>\n\n\n\n<p>L\u00f3pez Obrador dijo el martes que el caso de Lourdes Maldonado ser\u00e1 investigado a fondo para garantizar justicia y el castigo de los responsables. Durante la administraci\u00f3n de L\u00f3pez Obrador han muerto de forma violenta 28 comunicadores.<\/p>\n\n\n\n<p>Sin embargo, sus cr\u00edticos afirman que bajo su gesti\u00f3n ha incumplido sus promesas electorales de bajar la criminalidad y la extendida violencia que azota el pa\u00eds desde hace a\u00f1os, asociada al crimen organizado, as\u00ed como abatir la impunidad.<\/p>\n\n\n\n<p>\u00abEste es un artero golpe a la democracia (&#8230;) hacemos un llamado a que reaccione la sociedad, los tres poderes de Gobierno y diversos sectores\u00bb, dijo a Reuters por tel\u00e9fono Israel Ibarra, presidente del Colegio de Comunicadores de Baja California.<\/p>\n\n\n\n<p>\u00abNo es solamente el asesinato de Lourdes y Margarito en Tijuana, es el asesinato a la libertad de expresi\u00f3n en M\u00e9xico\u00bb, a\u00f1adi\u00f3 mientras caminaba entre cientos de personas y periodistas en una marcha en Tijuana.<\/p>\n\n\n\n<p>(Informaci\u00f3n de \u201cEl Economista\u201d)<\/p>\n","protected":false},"excerpt":{"rendered":"<p>Redacci\u00f3n\/Zona Roja Cdmx. Ciudad de M\u00e9xico, 26 de enero de 2022.- Cientos de periodistas protestaron&hellip;<\/p>\n","protected":false},"author":2,"featured_media":36838,"comment_status":"closed","ping_status":"open","sticky":false,"template":"","format":"standard","meta":{"_lmt_disableupdate":"","_lmt_disable":"","_jetpack_memberships_contains_paid_content":false,"footnotes":""},"categories":[109,47],"tags":[],"class_list":["post-36837","post","type-post","status-publish","format-standard","has-post-thumbnail","hentry","category-minuto-a-minuto","category-zona-gris"],"jetpack_featured_media_url":"https:\/\/zonaroja.com.mx\/wp-content\/uploads\/2022\/01\/Periodismo-prensa-violencia-periodistas.jpeg","jetpack_sharing_enabled":true,"_links":{"self":[{"href":"https:\/\/zonaroja.com.mx\/index.php?rest_route=\/wp\/v2\/posts\/36837","targetHints":{"allow":["GET"]}}],"collection":[{"href":"https:\/\/zonaroja.com.mx\/index.php?rest_route=\/wp\/v2\/posts"}],"about":[{"href":"https:\/\/zonaroja.com.mx\/index.php?rest_route=\/wp\/v2\/types\/post"}],"author":[{"embeddable":true,"href":"https:\/\/zonaroja.com.mx\/index.php?rest_route=\/wp\/v2\/users\/2"}],"replies":[{"embeddable":true,"href":"https:\/\/zonaroja.com.mx\/index.php?rest_route=%2Fwp%2Fv2%2Fcomments&post=36837"}],"version-history":[{"count":1,"href":"https:\/\/zonaroja.com.mx\/index.php?rest_route=\/wp\/v2\/posts\/36837\/revisions"}],"predecessor-version":[{"id":36840,"href":"https:\/\/zonaroja.com.mx\/index.php?rest_route=\/wp\/v2\/posts\/36837\/revisions\/36840"}],"wp:featuredmedia":[{"embeddable":true,"href":"https:\/\/zonaroja.com.mx\/index.php?rest_route=\/wp\/v2\/media\/36838"}],"wp:attachment":[{"href":"https:\/\/zonaroja.com.mx\/index.php?rest_route=%2Fwp%2Fv2%2Fmedia&parent=36837"}],"wp:term":[{"taxonomy":"category","embeddable":true,"href":"https:\/\/zonaroja.com.mx\/index.php?rest_route=%2Fwp%2Fv2%2Fcategories&post=36837"},{"taxonomy":"post_tag","embeddable":true,"href":"https:\/\/zonaroja.com.mx\/index.php?rest_route=%2Fwp%2Fv2%2Ftags&post=36837"}],"curies":[{"name":"wp","href":"https:\/\/api.w.org\/{rel}","templated":true}]}}