{"id":36841,"date":"2022-01-26T07:21:45","date_gmt":"2022-01-26T13:21:45","guid":{"rendered":"http:\/\/www.zonaroja.com.mx\/?p=36841"},"modified":"2022-01-26T07:22:03","modified_gmt":"2022-01-26T13:22:03","slug":"reafirma-poder-judicial-compromiso-en-acciones-a-favor-de-mujeres-y-ninas","status":"publish","type":"post","link":"https:\/\/zonaroja.com.mx\/?p=36841","title":{"rendered":"Reafirma Poder Judicial compromiso en acciones a favor de mujeres y ni\u00f1as"},"content":{"rendered":"\n<p>Redacci\u00f3n\/Zona Roja.<\/p>\n\n\n\n<p>Oaxaca de Ju\u00e1rez, Oax., 26 de enero de 2022.- En el marco del D\u00eda Naranja, 25 de cada mes, el Poder Judicial de Oaxaca, en conjunto con la Unidad de Igualdad de G\u00e9nero, reafirma su compromiso de garantizar una impartici\u00f3n de justicia humanizada y con perspectiva de g\u00e9nero.<\/p>\n\n\n\n<p>Para lo cual ha emprendido diversas actividades en coordinaci\u00f3n con dependencias y organizaciones de la sociedad civil, encaminadas a sensibilizar al personal sobre la importancia de prevenir, atender, sancionar y eliminar la violencia hacia las mujeres y ni\u00f1as.<\/p>\n\n\n\n<p>Entre las acciones de colaboraci\u00f3n m\u00e1s destacadas realizadas en los \u00faltimos meses, figuran la alianza y participaci\u00f3n con la Suprema Corte de Justicia de la Naci\u00f3n (SCJN) y la Secretar\u00eda de Gobernaci\u00f3n (Segob) en actividades de actualizaci\u00f3n; a nivel local con la Secretar\u00eda de la Mujer Oaxaque\u00f1a (SMO) y la Secretar\u00eda de Seguridad P\u00fablica (SSPO).<\/p>\n\n\n\n<p>As\u00ed como, la sinergia realizada con EQUIS Justicia para las Mujeres, A.C, en la conformaci\u00f3n del Consejo Consultivo Ciudadano y la emisi\u00f3n de \u00f3rdenes de protecci\u00f3n.<\/p>\n\n\n\n<p>Por otra parte, la Unidad de Igualdad de G\u00e9nero, adscrita a la Direcci\u00f3n de Derechos Humanos, que tiene como objetivos institucionalizar la perspectiva de g\u00e9nero dentro de las labores jurisdiccionales y administrativas del Poder Judicial para fortalecer el acceso de las personas a la justicia, al igual que fomentar ambientes laborales libres de violencia y discriminaci\u00f3n al interior de la Judicatura estatal, ha dado seguimiento a las acciones orientadas a la prevenci\u00f3n, atenci\u00f3n y erradicaci\u00f3n de tratos discriminatorios o violentos hacia el sector femenino.<\/p>\n\n\n\n<p>Asimismo, desde abril del 2020 se encuentra vigente la \u201cGu\u00eda de acciones del Poder Judicial del estado de Oaxaca para la prevenci\u00f3n y atenci\u00f3n en materia de violencia de g\u00e9nero ante la contingencia del COVID-19\u201d, cuya finalidad es explicar con un lenguaje ciudadanizado, los tipos de violencia que existen y dar a conocer el procedimiento para que las mujeres puedan acceder a un mecanismo judicial como las \u00f3rdenes de protecci\u00f3n.<\/p>\n\n\n\n<p>El documento se encuentra disponible para su consulta y descarga en el portal web institucional <a href=\"https:\/\/www.tribunaloaxaca.gob.mx\/\">https:\/\/www.tribunaloaxaca.gob.mx\/<\/a>.<\/p>\n","protected":false},"excerpt":{"rendered":"<p>Redacci\u00f3n\/Zona Roja. Oaxaca de Ju\u00e1rez, Oax., 26 de enero de 2022.- En el marco del&hellip;<\/p>\n","protected":false},"author":2,"featured_media":36842,"comment_status":"closed","ping_status":"open","sticky":false,"template":"","format":"standard","meta":{"_lmt_disableupdate":"","_lmt_disable":"","_jetpack_memberships_contains_paid_content":false,"footnotes":""},"categories":[109,46],"tags":[223],"class_list":["post-36841","post","type-post","status-publish","format-standard","has-post-thumbnail","hentry","category-minuto-a-minuto","category-zona-blanca","tag-poder-judicial-de-oaxaca"],"jetpack_featured_media_url":"https:\/\/zonaroja.com.mx\/wp-content\/uploads\/2022\/01\/Guia-de-acciones-para-prevencion-en-materia-de-violencia.jpg","jetpack_sharing_enabled":true,"_links":{"self":[{"href":"https:\/\/zonaroja.com.mx\/index.php?rest_route=\/wp\/v2\/posts\/36841","targetHints":{"allow":["GET"]}}],"collection":[{"href":"https:\/\/zonaroja.com.mx\/index.php?rest_route=\/wp\/v2\/posts"}],"about":[{"href":"https:\/\/zonaroja.com.mx\/index.php?rest_route=\/wp\/v2\/types\/post"}],"author":[{"embeddable":true,"href":"https:\/\/zonaroja.com.mx\/index.php?rest_route=\/wp\/v2\/users\/2"}],"replies":[{"embeddable":true,"href":"https:\/\/zonaroja.com.mx\/index.php?rest_route=%2Fwp%2Fv2%2Fcomments&post=36841"}],"version-history":[{"count":1,"href":"https:\/\/zonaroja.com.mx\/index.php?rest_route=\/wp\/v2\/posts\/36841\/revisions"}],"predecessor-version":[{"id":36843,"href":"https:\/\/zonaroja.com.mx\/index.php?rest_route=\/wp\/v2\/posts\/36841\/revisions\/36843"}],"wp:featuredmedia":[{"embeddable":true,"href":"https:\/\/zonaroja.com.mx\/index.php?rest_route=\/wp\/v2\/media\/36842"}],"wp:attachment":[{"href":"https:\/\/zonaroja.com.mx\/index.php?rest_route=%2Fwp%2Fv2%2Fmedia&parent=36841"}],"wp:term":[{"taxonomy":"category","embeddable":true,"href":"https:\/\/zonaroja.com.mx\/index.php?rest_route=%2Fwp%2Fv2%2Fcategories&post=36841"},{"taxonomy":"post_tag","embeddable":true,"href":"https:\/\/zonaroja.com.mx\/index.php?rest_route=%2Fwp%2Fv2%2Ftags&post=36841"}],"curies":[{"name":"wp","href":"https:\/\/api.w.org\/{rel}","templated":true}]}}