{"id":36849,"date":"2022-01-26T12:47:00","date_gmt":"2022-01-26T18:47:00","guid":{"rendered":"http:\/\/www.zonaroja.com.mx\/?p=36849"},"modified":"2022-01-26T07:48:29","modified_gmt":"2022-01-26T13:48:29","slug":"opinion-tragedia-invisible-ceguera-voluntaria","status":"publish","type":"post","link":"https:\/\/zonaroja.com.mx\/?p=36849","title":{"rendered":"Opini\u00f3n. Tragedia invisible, ceguera voluntaria"},"content":{"rendered":"\n<p>Gibr\u00e1n Ram\u00edrez Reyes<\/p>\n\n\n\n<p>Dos estampas, una escandalosa y una tr\u00e1gica, se han sumado estas semanas a otras que han generado olas de indignaci\u00f3n transitoria por el da\u00f1o a las infancias: cad\u00e1veres de beb\u00e9s, infantes utilizados, ni\u00f1@s autodefensas, con c\u00e1ncer, v\u00edctimas y victimarios de la violencia.<\/p>\n\n\n\n<p>Pero es de mucho mayor bulto la losa de la infancia mexicana si agregamos la deserci\u00f3n escolar y la orfandad, que concitan menos, casi ninguna, preocupaci\u00f3n p\u00fablica.<\/p>\n\n\n\n<p>El censo de 2020 muestra que en M\u00e9xico hay poco menos de 32 millones de menores de 14 a\u00f1os. Cargar\u00e1n el peso del cambio demogr\u00e1fico dentro de 25 a\u00f1os y a una poblaci\u00f3n mayoritariamente anciana.<\/p>\n\n\n\n<p>Entre ellos, los 10 millones m\u00e1s peque\u00f1os habr\u00e1n pasado el per\u00edodo cr\u00edtico de su primera socializaci\u00f3n en emergencia social, con menos experiencias y contactos, con menor desarrollo cognitivo.<\/p>\n\n\n\n<p>Muchos en edad de hacerlo no han aprendido todav\u00eda a hablar, pero quiz\u00e1 eso es lo de menos. Una cifra a\u00fan sin determinar, pero millonaria, ha desertado de la educaci\u00f3n b\u00e1sica sin que tenga fecha de regreso.<\/p>\n\n\n\n<p>Hago hincapi\u00e9 en la ceguera: a\u00fan no se sabe cu\u00e1ntos son. Ha habido quien da por bueno un dato publicado por Inegi en una encuesta casi inservible que no toma en cuenta la aprobaci\u00f3n autom\u00e1tica al grado siguiente que se dio en educaci\u00f3n b\u00e1sica como pol\u00edtica general.<\/p>\n\n\n\n<p>Solo para noviembre de 2020 circularon en el Consejo Nacional de Autoridades Educativas datos preliminares de casi un mill\u00f3n y medio de infantes que no tuvieron contacto alguno con su comunidad educativa en primaria o secundaria \u2014y eso sin que seis estados enviaran datos.<\/p>\n\n\n\n<p>Conaedu pudo saber tambi\u00e9n, antes de que se dejaran de recopilar datos, que m\u00e1s de 170 mil infantes terminaron la secundaria en el ciclo 2019-2020, pero no transitaron al nivel medio superior en 2020-2021 (estamos hablando solo de los primeros meses de pandemia).<\/p>\n\n\n\n<p>Faltar sumar todo 2021 y el inicio de este a\u00f1o con el disparo de contagios. \u00bfCu\u00e1ntos desertaron? \u00bfd\u00f3nde est\u00e1n? \u00bfqu\u00e9 est\u00e1n haciendo? \u00bfc\u00f3mo los traeremos de vuelta a la escuela? \u00bfcu\u00e1ntos volver\u00e1n? Un escenario de deserci\u00f3n conservador, de dos millones de estudiantes de educaci\u00f3n b\u00e1sica, implicar\u00eda un retroceso en cobertura que podr\u00eda devolvernos varias d\u00e9cadas atr\u00e1s.<\/p>\n\n\n\n<p>No es irremediable. Hay infraestructura y una estrategia ambiciosa podr\u00eda revertir parte del da\u00f1o r\u00e1pidamente. Para eso, sin embargo, las preguntas tendr\u00edan que estar resueltas y los datos a la mano, pero parece que la Secretar\u00eda de Educaci\u00f3n P\u00fablica y los gobiernos estatales les temen por igual: no quieren saberlos ni hacerse responsables.<\/p>\n\n\n\n<p>Los investigadores educativos, tambi\u00e9n confinados y ab\u00falicos, no han documentado cualitativamente las consecuencias de la pandemia, de modo que estamos en blanco.<\/p>\n\n\n\n<p>Otros infantes habr\u00e1n retrasado su desarrollo a pesar de haber estado conectados a las clases o viendo Aprende en casa. La dimensi\u00f3n de ese atraso la sabremos hasta que se realicen y procesen las pruebas PISA.<\/p>\n\n\n\n<p>Sobran, sin embargo, entre profesoras, testimonios de grupos enteros de ni\u00f1os que estando en tercer grado no saben leer o escribir. Tendr\u00e1n que remontar, en la educaci\u00f3n b\u00e1sica que les queda, el desarrollo de dichas habilidades, descartando aprendizajes significativos de otros contenidos.<\/p>\n\n\n\n<p>Habr\u00e1 para el futuro consecuencias en el incremento de la pobreza, la profundizaci\u00f3n de la desigualdad, los procesos de desafiliaci\u00f3n.&nbsp;<\/p>\n\n\n\n<p>*Doctor en ciencia pol\u00edtica por la UNAM.<\/p>\n\n\n\n<p>@gibranrr<\/p>\n","protected":false},"excerpt":{"rendered":"<p>Gibr\u00e1n Ram\u00edrez Reyes Dos estampas, una escandalosa y una tr\u00e1gica, se han sumado estas semanas&hellip;<\/p>\n","protected":false},"author":2,"featured_media":24099,"comment_status":"closed","ping_status":"open","sticky":false,"template":"","format":"standard","meta":{"_lmt_disableupdate":"","_lmt_disable":"","_jetpack_memberships_contains_paid_content":false,"footnotes":""},"categories":[456,109],"tags":[2489],"class_list":["post-36849","post","type-post","status-publish","format-standard","has-post-thumbnail","hentry","category-columna","category-minuto-a-minuto","tag-gibran-ramirez-reyes"],"jetpack_featured_media_url":"https:\/\/zonaroja.com.mx\/wp-content\/uploads\/2021\/02\/Gibran-Ramirez-Reyes.jpg","jetpack_sharing_enabled":true,"_links":{"self":[{"href":"https:\/\/zonaroja.com.mx\/index.php?rest_route=\/wp\/v2\/posts\/36849","targetHints":{"allow":["GET"]}}],"collection":[{"href":"https:\/\/zonaroja.com.mx\/index.php?rest_route=\/wp\/v2\/posts"}],"about":[{"href":"https:\/\/zonaroja.com.mx\/index.php?rest_route=\/wp\/v2\/types\/post"}],"author":[{"embeddable":true,"href":"https:\/\/zonaroja.com.mx\/index.php?rest_route=\/wp\/v2\/users\/2"}],"replies":[{"embeddable":true,"href":"https:\/\/zonaroja.com.mx\/index.php?rest_route=%2Fwp%2Fv2%2Fcomments&post=36849"}],"version-history":[{"count":1,"href":"https:\/\/zonaroja.com.mx\/index.php?rest_route=\/wp\/v2\/posts\/36849\/revisions"}],"predecessor-version":[{"id":36850,"href":"https:\/\/zonaroja.com.mx\/index.php?rest_route=\/wp\/v2\/posts\/36849\/revisions\/36850"}],"wp:featuredmedia":[{"embeddable":true,"href":"https:\/\/zonaroja.com.mx\/index.php?rest_route=\/wp\/v2\/media\/24099"}],"wp:attachment":[{"href":"https:\/\/zonaroja.com.mx\/index.php?rest_route=%2Fwp%2Fv2%2Fmedia&parent=36849"}],"wp:term":[{"taxonomy":"category","embeddable":true,"href":"https:\/\/zonaroja.com.mx\/index.php?rest_route=%2Fwp%2Fv2%2Fcategories&post=36849"},{"taxonomy":"post_tag","embeddable":true,"href":"https:\/\/zonaroja.com.mx\/index.php?rest_route=%2Fwp%2Fv2%2Ftags&post=36849"}],"curies":[{"name":"wp","href":"https:\/\/api.w.org\/{rel}","templated":true}]}}