{"id":36854,"date":"2022-01-26T14:26:09","date_gmt":"2022-01-26T20:26:09","guid":{"rendered":"https:\/\/www.zonaroja.com.mx\/?p=36854"},"modified":"2022-01-26T14:26:42","modified_gmt":"2022-01-26T20:26:42","slug":"agreden-a-balazos-en-oaxaca-a-periodista-que-cuenta-con-medidas-cautelares","status":"publish","type":"post","link":"https:\/\/zonaroja.com.mx\/?p=36854","title":{"rendered":"Agreden a balazos en Oaxaca a periodista que cuenta con medidas cautelares"},"content":{"rendered":"\n<p>Yuridiana Sosa\/Zona Roja.<\/p>\n\n\n\n<p>Oaxaca de Ju\u00e1rez, Oax.- 26 de enero de 2022.- La violencia contra los periodistas en M\u00e9xico contin\u00faa y este mi\u00e9rcoles fue atacado a balazos el periodista oaxaque\u00f1o Jos\u00e9 Ignacio Santiago Mart\u00ednez, en la regi\u00f3n Mixteca. <\/p>\n\n\n\n<p>El comunicador, fundador y director del medio \u201cPluma Digital Noticias\u201d de la zona del Istmo, recibi\u00f3 la agresi\u00f3n armada cuando se dirig\u00eda a la ciudad de Juchit\u00e1n de Zaragoza. <\/p>\n\n\n\n<p>Santiago Mart\u00ednez fue v\u00edctima de este hecho a pesar de contar con el Mecanismo Federal de Protecci\u00f3n para Personas Defensoras de Derechos Humanos y Periodistas, pues anteriormente tambi\u00e9n fue v\u00edctima de un atentado, motivo por el cual se encontraba en compa\u00f1\u00eda de elementos de seguridad. <\/p>\n\n\n\n<p>Los primeros reportes indican que mientras circulaban en la carretera procedente de Tlaxiaco, camino al municipio de Juchit\u00e1n, el periodista y su seguridad se percataron que los iban siguiendo. <\/p>\n\n\n\n<p>Los agresores circulaban a bordo de un taxi, en el que dieron alcance a la unidad de Ignacio Santiago a pesar del intento del periodista por perder su pista.<\/p>\n\n\n\n<p>La seguridad de Jos\u00e9 Ignacio Santiago logr\u00f3 cubrirlo y repelieron la agresi\u00f3n, por lo que el periodista result\u00f3 ileso.<\/p>\n\n\n\n<p>ANTECEDENTES<\/p>\n\n\n\n<p>En enero de 2015, Jos\u00e9 Ignacio Santiago Mart\u00ednez, en ese entonces tambi\u00e9n corresponsal del peri\u00f3dico \u201cEl Imparcial\u201c de Oaxaca en el Istmo, fue agredido f\u00edsicamente, dej\u00e1ndolo en un estado de salud delicado.<br>El reportero de \u201cnota roja\u201d -hechos polic\u00edacos- fue atropellado y golpeado cuando conduc\u00eda su motocicleta.<\/p>\n\n\n\n<p>Ese hecho qued\u00f3 asentado por la organizaci\u00f3n internacional, Art\u00edculo 19, y ante la Defensor\u00eda de los Derechos Humanos del Pueblo de Oaxaca (DDHPO).<\/p>\n\n\n\n<p>Esta agresi\u00f3n ocurre en medio de un contexto de inseguridad para el gremio period\u00edstico, que este a\u00f1o se ha visto enlutado por el asesinato de tres comunicadores, uno en Veracruz y dos en Baja California.<\/p>\n\n\n\n<p>Apenas este martes, el editor del portal ZONA ROJA, Ismael Garc\u00eda Morales, fue agredido por un elemento de la polic\u00eda municipal de la ciudad de Oaxaca, por grabar una revisi\u00f3n de veh\u00edculos, adem\u00e1s de arrebatarle su celular y darle un manotazo. <\/p>\n\n\n\n<p>Ayer a nivel nacional se realiz\u00f3 una jornada en varias ciudades de Mexico para exigir a los gobiernos estatales y federal garant\u00edas para el ejercicio de nuestra labor y justicia por los cr\u00edmenes de 148 compa\u00f1eros asesinados en el transcurso de 22 a\u00f1os. <\/p>\n","protected":false},"excerpt":{"rendered":"<p>Yuridiana Sosa\/Zona Roja. Oaxaca de Ju\u00e1rez, Oax.- 26 de enero de 2022.- La violencia contra&hellip;<\/p>\n","protected":false},"author":2,"featured_media":36853,"comment_status":"closed","ping_status":"open","sticky":false,"template":"","format":"standard","meta":{"_lmt_disableupdate":"","_lmt_disable":"","_jetpack_memberships_contains_paid_content":false,"footnotes":""},"categories":[109,47],"tags":[],"class_list":["post-36854","post","type-post","status-publish","format-standard","has-post-thumbnail","hentry","category-minuto-a-minuto","category-zona-gris"],"jetpack_featured_media_url":"https:\/\/zonaroja.com.mx\/wp-content\/uploads\/2022\/01\/img_0566-1.jpg","jetpack_sharing_enabled":true,"_links":{"self":[{"href":"https:\/\/zonaroja.com.mx\/index.php?rest_route=\/wp\/v2\/posts\/36854","targetHints":{"allow":["GET"]}}],"collection":[{"href":"https:\/\/zonaroja.com.mx\/index.php?rest_route=\/wp\/v2\/posts"}],"about":[{"href":"https:\/\/zonaroja.com.mx\/index.php?rest_route=\/wp\/v2\/types\/post"}],"author":[{"embeddable":true,"href":"https:\/\/zonaroja.com.mx\/index.php?rest_route=\/wp\/v2\/users\/2"}],"replies":[{"embeddable":true,"href":"https:\/\/zonaroja.com.mx\/index.php?rest_route=%2Fwp%2Fv2%2Fcomments&post=36854"}],"version-history":[{"count":1,"href":"https:\/\/zonaroja.com.mx\/index.php?rest_route=\/wp\/v2\/posts\/36854\/revisions"}],"predecessor-version":[{"id":36855,"href":"https:\/\/zonaroja.com.mx\/index.php?rest_route=\/wp\/v2\/posts\/36854\/revisions\/36855"}],"wp:featuredmedia":[{"embeddable":true,"href":"https:\/\/zonaroja.com.mx\/index.php?rest_route=\/wp\/v2\/media\/36853"}],"wp:attachment":[{"href":"https:\/\/zonaroja.com.mx\/index.php?rest_route=%2Fwp%2Fv2%2Fmedia&parent=36854"}],"wp:term":[{"taxonomy":"category","embeddable":true,"href":"https:\/\/zonaroja.com.mx\/index.php?rest_route=%2Fwp%2Fv2%2Fcategories&post=36854"},{"taxonomy":"post_tag","embeddable":true,"href":"https:\/\/zonaroja.com.mx\/index.php?rest_route=%2Fwp%2Fv2%2Ftags&post=36854"}],"curies":[{"name":"wp","href":"https:\/\/api.w.org\/{rel}","templated":true}]}}