{"id":36856,"date":"2022-01-26T18:58:40","date_gmt":"2022-01-27T00:58:40","guid":{"rendered":"http:\/\/www.zonaroja.com.mx\/?p=36856"},"modified":"2022-01-26T18:58:43","modified_gmt":"2022-01-27T00:58:43","slug":"parara-labores-manana-en-clinicas-y-hospitales-de-los-sso-en-oaxaca","status":"publish","type":"post","link":"https:\/\/zonaroja.com.mx\/?p=36856","title":{"rendered":"Parar\u00e1 labores ma\u00f1ana en cl\u00ednicas y hospitales de los SSO en Oaxaca"},"content":{"rendered":"\n<p>Redacci\u00f3n\/Zona Roja.<\/p>\n\n\n\n<p>Oaxaca de Ju\u00e1rez, Oax., 26 de enero de 2022.- La Secci\u00f3n 35 del Sindicato Nacional de Trabajadores de la Secretar\u00eda de Salud anunci\u00f3 un paro de labores ma\u00f1ana, en todas las unidades del sector en Oaxaca.<\/p>\n\n\n\n<p>Lo anterior, para denunciar la situaci\u00f3n que prevalece en los Servicios de Salud de Oaxaca (SSO), que encabeza Juan Carlos M\u00e1rquez Heine, al no cumplir con una atenci\u00f3n oportuna y de calidad a la poblaci\u00f3n, \u201cpor falta de personal a\u00fan no contratado\u201d.<\/p>\n\n\n\n<p>La actividad ser\u00e1 por 24 horas a partir de este jueves 27 enero, en la modalidad de \u201casamblea permanente\u201d, y en caso de que no haya respuestas a las peticiones, \u201cposterior a la reuni\u00f3n con las autoridades, se radicalizaran las acciones, hasta lograr nuestros objetivos\u201d.<\/p>\n\n\n\n<p>La dirigencia que encabeza Mario F\u00e9lix Pacheco, convoc\u00f3 a toda la base trabajadora a redoblar esfuerzos en unidad y estar pendientes de los comunicados oficiales que se generen a trav\u00e9s de la estructura sindical.<\/p>\n\n\n\n<p>La convocatoria est\u00e1 dirigida a secretarios generales de las subsecciones sindicales, delegados, subdelegados y base trabajadora en general afiliada a la Secci\u00f3n 35 del Sindicato Nacional, en que destaca que el Instituto de Salud Bienestar est\u00e1 llevando a cabo procesos irregulares generando contrataciones con adscripci\u00f3n a \u00e1reas urbanas, cuando el personal que se requiere es en la zona rural.<\/p>\n","protected":false},"excerpt":{"rendered":"<p>Redacci\u00f3n\/Zona Roja. Oaxaca de Ju\u00e1rez, Oax., 26 de enero de 2022.- La Secci\u00f3n 35 del&hellip;<\/p>\n","protected":false},"author":2,"featured_media":13049,"comment_status":"closed","ping_status":"open","sticky":false,"template":"","format":"standard","meta":{"_lmt_disableupdate":"","_lmt_disable":"","_jetpack_memberships_contains_paid_content":false,"footnotes":""},"categories":[109,47],"tags":[1653],"class_list":["post-36856","post","type-post","status-publish","format-standard","has-post-thumbnail","hentry","category-minuto-a-minuto","category-zona-gris","tag-seccion-35-sindicato-nacional-de-trabajadores-de-la-secretaria-de-salud"],"jetpack_featured_media_url":"https:\/\/zonaroja.com.mx\/wp-content\/uploads\/2020\/05\/Edificio-Secci\u00f3n-35-SNTSSA.jpg","jetpack_sharing_enabled":true,"_links":{"self":[{"href":"https:\/\/zonaroja.com.mx\/index.php?rest_route=\/wp\/v2\/posts\/36856","targetHints":{"allow":["GET"]}}],"collection":[{"href":"https:\/\/zonaroja.com.mx\/index.php?rest_route=\/wp\/v2\/posts"}],"about":[{"href":"https:\/\/zonaroja.com.mx\/index.php?rest_route=\/wp\/v2\/types\/post"}],"author":[{"embeddable":true,"href":"https:\/\/zonaroja.com.mx\/index.php?rest_route=\/wp\/v2\/users\/2"}],"replies":[{"embeddable":true,"href":"https:\/\/zonaroja.com.mx\/index.php?rest_route=%2Fwp%2Fv2%2Fcomments&post=36856"}],"version-history":[{"count":1,"href":"https:\/\/zonaroja.com.mx\/index.php?rest_route=\/wp\/v2\/posts\/36856\/revisions"}],"predecessor-version":[{"id":36857,"href":"https:\/\/zonaroja.com.mx\/index.php?rest_route=\/wp\/v2\/posts\/36856\/revisions\/36857"}],"wp:featuredmedia":[{"embeddable":true,"href":"https:\/\/zonaroja.com.mx\/index.php?rest_route=\/wp\/v2\/media\/13049"}],"wp:attachment":[{"href":"https:\/\/zonaroja.com.mx\/index.php?rest_route=%2Fwp%2Fv2%2Fmedia&parent=36856"}],"wp:term":[{"taxonomy":"category","embeddable":true,"href":"https:\/\/zonaroja.com.mx\/index.php?rest_route=%2Fwp%2Fv2%2Fcategories&post=36856"},{"taxonomy":"post_tag","embeddable":true,"href":"https:\/\/zonaroja.com.mx\/index.php?rest_route=%2Fwp%2Fv2%2Ftags&post=36856"}],"curies":[{"name":"wp","href":"https:\/\/api.w.org\/{rel}","templated":true}]}}