{"id":36858,"date":"2022-01-26T19:29:01","date_gmt":"2022-01-27T01:29:01","guid":{"rendered":"http:\/\/www.zonaroja.com.mx\/?p=36858"},"modified":"2022-01-26T19:29:04","modified_gmt":"2022-01-27T01:29:04","slug":"condena-ddhpo-agresion-a-periodista-en-oaxaca-inicia-expediente","status":"publish","type":"post","link":"https:\/\/zonaroja.com.mx\/?p=36858","title":{"rendered":"Condena DDHPO agresi\u00f3n a periodista en Oaxaca; inicia expediente"},"content":{"rendered":"\n<p>Redacci\u00f3n\/Zona Roja.<\/p>\n\n\n\n<p>Oaxaca de Ju\u00e1rez, Oax., 26 de enero de 2022.- La Defensor\u00eda de los Derechos Humanos del Pueblo de Oaxaca (DDHPO) conden\u00f3 la agresi\u00f3n armada contra el periodista Jos\u00e9 Ignacio Santiago Mart\u00ednez, ocurrida la madrugada de este mi\u00e9rcoles 26 de enero, mientras transitaba sobre la carretera Yosonicaje-Tlaxiaco.<\/p>\n\n\n\n<p>El organismo defensor inici\u00f3 el expediente DDHPO\/CA\/0035\/(01)\/OAX\/2022, luego de tener conocimiento de los hechos, por lo que solicit\u00f3 la intervenci\u00f3n de la Fiscal\u00eda General de Justicia del Estado para realizar las investigaciones correspondientes.<\/p>\n\n\n\n<p>La DDHPO se pronunci\u00f3 por redoblar esfuerzos para garantizar la integridad f\u00edsica del comunicador y sus familiares, as\u00ed como de todo el gremio period\u00edstico de la entidad y del pa\u00eds, ante un incremento de agresiones contra las personas periodistas.<\/p>\n\n\n\n<p>Y es que, tan solo en lo que va de enero, se han registrado los homicidios de Margarito Mart\u00ednez y Lourdes Maldonado, en Tijuana, y Jos\u00e9 Luis Gamboa Arenas en Veracruz, personas dedicadas a informar a la sociedad.<\/p>\n\n\n\n<p>La Defensor\u00eda enfatiz\u00f3 que la libertad de expresi\u00f3n es esencial para que la sociedad pueda ejercer otros derechos, por ello, es importante garantizar que la actividad period\u00edstica en Oaxaca se ejerza en forma segura.<\/p>\n\n\n\n<p>La DDHPO detall\u00f3 que, entre enero de 2015 y diciembre de 2021, se han iniciado 288 investigaciones relacionadas con violaciones a los derechos humanos de las y los periodistas en la entidad.<\/p>\n\n\n\n<p>Tan solo durante 2021, se abrieron 17 expedientes (entre quejas y cuadernos de antecedentes), por agresiones contra de periodistas, siendo las regiones de mayor incidencia: Valles Centrales, Istmo, Mixteca y Costa.<\/p>\n\n\n\n<p>En tanto que, las autoridades municipales son las m\u00e1s se\u00f1aladas, seguidas por la Fiscal\u00eda General del Estado y la Secretar\u00eda de Seguridad P\u00fablica, adem\u00e1s que las agresiones m\u00e1s recurrentes son amenazas, acciones que impiden el ejercicio period\u00edstico, hostigamiento y agresiones f\u00edsicas.<\/p>\n\n\n\n<p>La Defensor\u00eda de los Derechos Humanos del Pueblo de Oaxaca reiter\u00f3 que garantizar la seguridad de las personas que ejercen el periodismo es fundamental dentro de una sociedad democr\u00e1tica, adem\u00e1s que las agresiones a comunicadores y periodistas afecta a la sociedad en su conjunto, ya que por medio de la labor que desempe\u00f1an las personas pueden ser informadas de asuntos de inter\u00e9s p\u00fablico.<\/p>\n\n\n\n<p>(Comunicado)<\/p>\n","protected":false},"excerpt":{"rendered":"<p>Redacci\u00f3n\/Zona Roja. Oaxaca de Ju\u00e1rez, Oax., 26 de enero de 2022.- La Defensor\u00eda de los&hellip;<\/p>\n","protected":false},"author":2,"featured_media":10556,"comment_status":"closed","ping_status":"open","sticky":false,"template":"","format":"standard","meta":{"_lmt_disableupdate":"","_lmt_disable":"","_jetpack_memberships_contains_paid_content":false,"footnotes":""},"categories":[109,47],"tags":[287],"class_list":["post-36858","post","type-post","status-publish","format-standard","has-post-thumbnail","hentry","category-minuto-a-minuto","category-zona-gris","tag-ddhpo"],"jetpack_featured_media_url":"https:\/\/zonaroja.com.mx\/wp-content\/uploads\/2020\/04\/31-marzo-Pide-DDHPO-respeto-irrestrico-a-los-derechos-humanos.jpeg","jetpack_sharing_enabled":true,"_links":{"self":[{"href":"https:\/\/zonaroja.com.mx\/index.php?rest_route=\/wp\/v2\/posts\/36858","targetHints":{"allow":["GET"]}}],"collection":[{"href":"https:\/\/zonaroja.com.mx\/index.php?rest_route=\/wp\/v2\/posts"}],"about":[{"href":"https:\/\/zonaroja.com.mx\/index.php?rest_route=\/wp\/v2\/types\/post"}],"author":[{"embeddable":true,"href":"https:\/\/zonaroja.com.mx\/index.php?rest_route=\/wp\/v2\/users\/2"}],"replies":[{"embeddable":true,"href":"https:\/\/zonaroja.com.mx\/index.php?rest_route=%2Fwp%2Fv2%2Fcomments&post=36858"}],"version-history":[{"count":1,"href":"https:\/\/zonaroja.com.mx\/index.php?rest_route=\/wp\/v2\/posts\/36858\/revisions"}],"predecessor-version":[{"id":36859,"href":"https:\/\/zonaroja.com.mx\/index.php?rest_route=\/wp\/v2\/posts\/36858\/revisions\/36859"}],"wp:featuredmedia":[{"embeddable":true,"href":"https:\/\/zonaroja.com.mx\/index.php?rest_route=\/wp\/v2\/media\/10556"}],"wp:attachment":[{"href":"https:\/\/zonaroja.com.mx\/index.php?rest_route=%2Fwp%2Fv2%2Fmedia&parent=36858"}],"wp:term":[{"taxonomy":"category","embeddable":true,"href":"https:\/\/zonaroja.com.mx\/index.php?rest_route=%2Fwp%2Fv2%2Fcategories&post=36858"},{"taxonomy":"post_tag","embeddable":true,"href":"https:\/\/zonaroja.com.mx\/index.php?rest_route=%2Fwp%2Fv2%2Ftags&post=36858"}],"curies":[{"name":"wp","href":"https:\/\/api.w.org\/{rel}","templated":true}]}}