{"id":3686,"date":"2019-09-04T21:59:36","date_gmt":"2019-09-05T02:59:36","guid":{"rendered":"http:\/\/www.zonaroja.com.mx\/?p=3686"},"modified":"2019-09-04T21:59:39","modified_gmt":"2019-09-05T02:59:39","slug":"marinos-huachicoleros-los-atraparon-en-la-refineria-de-salina-cruz","status":"publish","type":"post","link":"https:\/\/zonaroja.com.mx\/?p=3686","title":{"rendered":"\u00a1Marinos \u201chuachicoleros\u201d! Los atraparon en la refiner\u00eda de Salina Cruz"},"content":{"rendered":"\n<p>Redacci\u00f3n\/Zona\nRoja Cdmx.<\/p>\n\n\n\n<p>Ciudad de\nM\u00e9xico, 4 de septiembre de 2019.- La Secretar\u00eda de Marina-Armada de M\u00e9xico confirm\u00f3\nque puso a disposici\u00f3n de la Fiscal\u00eda General de la Rep\u00fablica a tres de sus\nelementos, por el probable delito de posesi\u00f3n il\u00edcita de hidrocarburos,\nconocido como \u201chuachicoleo\u201d.<\/p>\n\n\n\n<p>Mediante un\ncomunicado, indic\u00f3 que los hechos ocurridos ayer en la refiner\u00eda \u201cIng. Antonio\nDoval\u00ed Jaime\u201d de Petr\u00f3leos Mexicanos, ubicada en el puerto de Salina Cruz,\nOaxaca.<\/p>\n\n\n\n<p>Presuntamente personal naval intentaba sustraer hidrocarburo de manera il\u00edcita en un veh\u00edculo oficial, por lo que fueron sorprendidos por personal de seguridad f\u00edsica de Pemex, quienes efectuaron una revisi\u00f3n al veh\u00edculo, encontrando en su interior varios bidones con hidrocarburo, el cual no pudieron comprobar su legal procedencia. <\/p>\n\n\n\n<figure class=\"wp-block-image\"><img decoding=\"async\" width=\"640\" height=\"399\" src=\"http:\/\/www.zonaroja.com.mx\/wp-content\/uploads\/2019\/09\/IMG_5001.jpg\" alt=\"\" class=\"wp-image-3688\" srcset=\"https:\/\/zonaroja.com.mx\/wp-content\/uploads\/2019\/09\/IMG_5001.jpg 640w, https:\/\/zonaroja.com.mx\/wp-content\/uploads\/2019\/09\/IMG_5001-300x187.jpg 300w, https:\/\/zonaroja.com.mx\/wp-content\/uploads\/2019\/09\/IMG_5001-585x365.jpg 585w\" sizes=\"(max-width: 640px) 100vw, 640px\" \/><\/figure>\n\n\n\n<p>\u201cPor lo que\nde inmediato dieron aviso al mando de la D\u00e9cimo Segunda Zona Naval, con sede en\nesa ciudad y puerto, quienes procedieron a informar de los hechos en menci\u00f3n a\nlas autoridades competentes y pusieron a disposici\u00f3n a citados elementos, a fin\nde que se realicen las investigaciones correspondientes, mismas que est\u00e1n en\ndesarrollo, para determinar su posible responsabilidad legal\u201d, indic\u00f3.<\/p>\n\n\n\n<p>A\u00f1adi\u00f3 que\nen \u00e9ste y todos los casos en que personal naval sea probable responsable de\nactividades tipificadas como delito, \u201cactuar\u00e1 con estricto apego a la ley,\nprocediendo con rigor, contundencia y transparencia a la ciudadan\u00eda;\nponi\u00e9ndolos a disposici\u00f3n de las autoridades encargadas de administrar y\nprocurar justicia en M\u00e9xico\u201d.<\/p>\n\n\n\n<p>Recalc\u00f3 que puso\na disposici\u00f3n de las autoridades civiles competentes, al personal probable\nresponsable de actividades il\u00edcitas.<\/p>\n\n\n\n<p>La Marina, \u201cse\nreitera preocupada por velar por los intereses nacionales y se refrenda\nrespetuosa de la determinaci\u00f3n que por ley corresponda; y en este caso en\nparticular, colabora para que las autoridades sean quienes realicen las\ninvestigaciones necesarias y queda atenta de la resoluci\u00f3n que se emita\u201d,\npuntualiz\u00f3.<\/p>\n","protected":false},"excerpt":{"rendered":"<p>Redacci\u00f3n\/Zona Roja Cdmx. Ciudad de M\u00e9xico, 4 de septiembre de 2019.- La Secretar\u00eda de Marina-Armada&hellip;<\/p>\n","protected":false},"author":2,"featured_media":3687,"comment_status":"closed","ping_status":"open","sticky":false,"template":"","format":"standard","meta":{"_lmt_disableupdate":"","_lmt_disable":"","_jetpack_memberships_contains_paid_content":false,"footnotes":""},"categories":[109,47],"tags":[673,672],"class_list":["post-3686","post","type-post","status-publish","format-standard","has-post-thumbnail","hentry","category-minuto-a-minuto","category-zona-gris","tag-refineria-salina-cruz","tag-secretaria-de-marina"],"jetpack_featured_media_url":"https:\/\/zonaroja.com.mx\/wp-content\/uploads\/2019\/09\/IMG_4991.jpg","jetpack_sharing_enabled":true,"_links":{"self":[{"href":"https:\/\/zonaroja.com.mx\/index.php?rest_route=\/wp\/v2\/posts\/3686","targetHints":{"allow":["GET"]}}],"collection":[{"href":"https:\/\/zonaroja.com.mx\/index.php?rest_route=\/wp\/v2\/posts"}],"about":[{"href":"https:\/\/zonaroja.com.mx\/index.php?rest_route=\/wp\/v2\/types\/post"}],"author":[{"embeddable":true,"href":"https:\/\/zonaroja.com.mx\/index.php?rest_route=\/wp\/v2\/users\/2"}],"replies":[{"embeddable":true,"href":"https:\/\/zonaroja.com.mx\/index.php?rest_route=%2Fwp%2Fv2%2Fcomments&post=3686"}],"version-history":[{"count":1,"href":"https:\/\/zonaroja.com.mx\/index.php?rest_route=\/wp\/v2\/posts\/3686\/revisions"}],"predecessor-version":[{"id":3689,"href":"https:\/\/zonaroja.com.mx\/index.php?rest_route=\/wp\/v2\/posts\/3686\/revisions\/3689"}],"wp:featuredmedia":[{"embeddable":true,"href":"https:\/\/zonaroja.com.mx\/index.php?rest_route=\/wp\/v2\/media\/3687"}],"wp:attachment":[{"href":"https:\/\/zonaroja.com.mx\/index.php?rest_route=%2Fwp%2Fv2%2Fmedia&parent=3686"}],"wp:term":[{"taxonomy":"category","embeddable":true,"href":"https:\/\/zonaroja.com.mx\/index.php?rest_route=%2Fwp%2Fv2%2Fcategories&post=3686"},{"taxonomy":"post_tag","embeddable":true,"href":"https:\/\/zonaroja.com.mx\/index.php?rest_route=%2Fwp%2Fv2%2Ftags&post=3686"}],"curies":[{"name":"wp","href":"https:\/\/api.w.org\/{rel}","templated":true}]}}