{"id":36879,"date":"2022-01-27T08:09:36","date_gmt":"2022-01-27T14:09:36","guid":{"rendered":"http:\/\/www.zonaroja.com.mx\/?p=36879"},"modified":"2022-01-27T11:45:38","modified_gmt":"2022-01-27T17:45:38","slug":"persiste-omision-de-gobierno-de-oaxaca-y-mexico-en-caso-atatlahuaca","status":"publish","type":"post","link":"https:\/\/zonaroja.com.mx\/?p=36879","title":{"rendered":"Persiste omisi\u00f3n de gobierno de Oaxaca y M\u00e9xico en caso Atatlahuaca"},"content":{"rendered":"\n<p>Yuridiana Sosa\/Zona Roja.<\/p>\n\n\n\n<p>Oaxaca de Ju\u00e1rez, Oax., 27 de enero de 2022.- A tres meses de los hechos violentos en San Esteban Atatlahuaca, ni el gobierno estatal ni el federal han atendido de forma integral a las v\u00edctimas, a pesar de llamados de organismos internacionales de derechos humanos.<\/p>\n\n\n\n<p>El presidente del Centro de Derechos Humanos y Asesor\u00eda a Pueblos Ind\u00edgenas (Cedhapi), Maurilio Santiago Reyes, se\u00f1al\u00f3 que ninguna autoridad ha cumplido con las medidas cautelares emitidas por la Comisi\u00f3n Interamericana de Derechos Humanos, ni con la acci\u00f3n urgente que emiti\u00f3 el Comit\u00e9 contra la Desaparici\u00f3n Forzada de la Organizaci\u00f3n de las Naciones Unidas (ONU), con la que solicit\u00f3 al Estado mexicano la b\u00fasqueda inmediata de las personas.<\/p>\n\n\n\n<p>Los ataques armados en el municipio de Atatlahuaca contra de la poblaci\u00f3n de Mier y Ter\u00e1n, Guerrero Grande, y Ndoyonoyuji, dej\u00f3 como saldo dos personas asesinadas, cinco desaparecidos, 100 casas quemadas y 35 familias desplazadas.<\/p>\n\n\n\n<figure class=\"wp-block-embed\"><div class=\"wp-block-embed__wrapper\">\n<div class=\"twitter-tweet\"><blockquote class=\"twitter-tweet\" data-lang=\"es\"><p lang=\"es\" dir=\"ltr\">A tres meses de los hechos, a\u00fan no hay justicia ni reparaci\u00f3n integral de da\u00f1os a las v\u00edctimas en comunidades de San Esteban <a href=\"https:\/\/twitter.com\/hashtag\/Atatlahuca?src=hash&amp;ref_src=twsrc%5Etfw\">#Atatlahuca<\/a>, <a href=\"https:\/\/twitter.com\/hashtag\/Oaxaca?src=hash&amp;ref_src=twsrc%5Etfw\">#Oaxaca<\/a>, inform\u00f3 el presidente del Cedhapi, Maurilio Santiago Reyes, al acusar abandono de las autoridades estatales y federales. <a href=\"https:\/\/t.co\/NSScek1SKZ\">pic.twitter.com\/NSScek1SKZ<\/a><\/p>&mdash; Zona Roja Oaxaca (@Zona_Roja_Oax) <a href=\"https:\/\/twitter.com\/Zona_Roja_Oax\/status\/1486707047186018313?ref_src=twsrc%5Etfw\">27 de enero de 2022<\/a><\/blockquote><\/div>\n<\/div><\/figure>\n\n\n\n<p>Las v\u00edctimas siguen carentes de insumos y atenciones para su vida diaria, as\u00ed como de justicia y acciones para la localizaci\u00f3n de sus familiares, indic\u00f3.<\/p>\n\n\n\n<p>Apunt\u00f3 que se tiene programado que en pr\u00f3ximos d\u00edas, posiblemente la pr\u00f3xima semana, se realice un diagn\u00f3stico de campo por parte de la Secretar\u00eda de Gobernaci\u00f3n de Mexico, la Comisi\u00f3n Nacional de Derechos Humanos (CNDH), y de autoridades estatales para atestiguar lo que viven las comunidades.<\/p>\n\n\n\n<p>Lamentablemente, dijo, el Gobierno del Estado presume de ayuda humanitaria, sin embargo, s\u00f3lo env\u00edo 25 despensas; pero hacen falta alimento, atenci\u00f3n m\u00e9dica, garantizar la salud de las familias afectadas, educaci\u00f3n para los infantes.<\/p>\n","protected":false},"excerpt":{"rendered":"<p>Yuridiana Sosa\/Zona Roja. Oaxaca de Ju\u00e1rez, Oax., 27 de enero de 2022.- A tres meses&hellip;<\/p>\n","protected":false},"author":2,"featured_media":36880,"comment_status":"closed","ping_status":"open","sticky":false,"template":"","format":"standard","meta":{"_lmt_disableupdate":"","_lmt_disable":"","_jetpack_memberships_contains_paid_content":false,"footnotes":""},"categories":[109,47],"tags":[1025],"class_list":["post-36879","post","type-post","status-publish","format-standard","has-post-thumbnail","hentry","category-minuto-a-minuto","category-zona-gris","tag-san-esteban-atatlahuca"],"jetpack_featured_media_url":"https:\/\/zonaroja.com.mx\/wp-content\/uploads\/2022\/01\/Cedhapi-Maurilio-Santiago-Reyes.jpg","jetpack_sharing_enabled":true,"_links":{"self":[{"href":"https:\/\/zonaroja.com.mx\/index.php?rest_route=\/wp\/v2\/posts\/36879","targetHints":{"allow":["GET"]}}],"collection":[{"href":"https:\/\/zonaroja.com.mx\/index.php?rest_route=\/wp\/v2\/posts"}],"about":[{"href":"https:\/\/zonaroja.com.mx\/index.php?rest_route=\/wp\/v2\/types\/post"}],"author":[{"embeddable":true,"href":"https:\/\/zonaroja.com.mx\/index.php?rest_route=\/wp\/v2\/users\/2"}],"replies":[{"embeddable":true,"href":"https:\/\/zonaroja.com.mx\/index.php?rest_route=%2Fwp%2Fv2%2Fcomments&post=36879"}],"version-history":[{"count":2,"href":"https:\/\/zonaroja.com.mx\/index.php?rest_route=\/wp\/v2\/posts\/36879\/revisions"}],"predecessor-version":[{"id":36884,"href":"https:\/\/zonaroja.com.mx\/index.php?rest_route=\/wp\/v2\/posts\/36879\/revisions\/36884"}],"wp:featuredmedia":[{"embeddable":true,"href":"https:\/\/zonaroja.com.mx\/index.php?rest_route=\/wp\/v2\/media\/36880"}],"wp:attachment":[{"href":"https:\/\/zonaroja.com.mx\/index.php?rest_route=%2Fwp%2Fv2%2Fmedia&parent=36879"}],"wp:term":[{"taxonomy":"category","embeddable":true,"href":"https:\/\/zonaroja.com.mx\/index.php?rest_route=%2Fwp%2Fv2%2Fcategories&post=36879"},{"taxonomy":"post_tag","embeddable":true,"href":"https:\/\/zonaroja.com.mx\/index.php?rest_route=%2Fwp%2Fv2%2Ftags&post=36879"}],"curies":[{"name":"wp","href":"https:\/\/api.w.org\/{rel}","templated":true}]}}