{"id":36895,"date":"2022-01-27T19:51:27","date_gmt":"2022-01-28T01:51:27","guid":{"rendered":"http:\/\/www.zonaroja.com.mx\/?p=36895"},"modified":"2022-01-27T19:51:29","modified_gmt":"2022-01-28T01:51:29","slug":"ex-trabajadores-de-maco-denuncian-omision-de-directivos-para-pagarles","status":"publish","type":"post","link":"https:\/\/zonaroja.com.mx\/?p=36895","title":{"rendered":"Ex trabajadores de MACO denuncian omisi\u00f3n de directivos para pagarles"},"content":{"rendered":"\n<p>Yuridiana Sosa\/Zona Roja.<\/p>\n\n\n\n<p>Oaxaca de Ju\u00e1rez, Oax., 27 de enero de 2022.- Ex trabajadores del Museo de Arte Contempor\u00e1neo de Oaxaca (MACO) volvieron a manifestarse para exigir que la asociaci\u00f3n \u201cAmigos del MACO A.C\u201d cumpla con el pago de sus salarios y advirtieron que de no ser as\u00ed no permitir\u00e1n la apertura del museo en su 30 aniversario de servicio, a celebrarse en febrero.<\/p>\n\n\n\n<p>Los afectados recordaron que el 29 de enero de 2021 la asociaci\u00f3n civil intent\u00f3 el desalojo de trabajadores con apoyo de elementos de la PABIC, de lo cual responsabilizan de c\u00f3mplice a la Secretar\u00eda de Culturas de Oaxaca, lo cual s\u00f3lo tens\u00f3 m\u00e1s el conflicto surgido en 2020 por la ausencia de salarios.<\/p>\n\n\n\n<p>La inconformidad la expresaron en conferencia de prensa, frente al acceso del Museo, el cual permanece cerrado y donde la Mesa Directiva de \u201cAmigos del MACO\u201d, integrada por Rub\u00e9n Leyva Jim\u00e9nez, Jos\u00e9 Luis Bustamante del Valle y Mayela Audelo Holm, realizan una auditor\u00eda a puerta cerrada, acto que calificaron como deshonesto, as\u00ed como rechazaron el nombramiento de Oliver Mart\u00ednez como un nuevo director del museo.<\/p>\n\n\n\n<p>As\u00ed mismo, se deslindaron de acusaciones sobre el desfalco de cuatro millones de pesos, pues se\u00f1alaron que, por el contrario, los trabajadores al igual que la directora Cecilia Ming\u00fcer Vargas, siempre han procurado mantener en condiciones al museo, al grado de llegar a pagar insumos como la energ\u00eda el\u00e9ctrica, focos y agua con dinero propio, que superan en algunas ocasiones montos de hasta 10 mil pesos.<\/p>\n\n\n\n<p>Ante esa situaci\u00f3n y falta de soluciones a sus demandas, los ex trabajadores mantendr\u00e1n su protesta social y acciones legales. En lo correspondiente a las protestas, apuntaron que el 28 de febrero, para conmemorar el 30 aniversario del MACO, realizar\u00e1n actividades culturales frente al inmueble, sobre el andador tur\u00edstico \u201cMacedonio Alcal\u00e1\u201d.<\/p>\n\n\n\n<p>Respecto a las dos demandas laborales ante la Junta Local de Conciliaci\u00f3n y Arbitraje, informaron que el proceso correspondiente al pago de salarios es lento, y a\u00fan no tienen fecha para la cuarta audiencia, mientras que lo referente a reinstalaci\u00f3n por despido injustificado, en febrero ser\u00e1 la primera audiencia.<\/p>\n","protected":false},"excerpt":{"rendered":"<p>Yuridiana Sosa\/Zona Roja. Oaxaca de Ju\u00e1rez, Oax., 27 de enero de 2022.- Ex trabajadores del&hellip;<\/p>\n","protected":false},"author":2,"featured_media":36886,"comment_status":"closed","ping_status":"open","sticky":false,"template":"","format":"standard","meta":{"_lmt_disableupdate":"","_lmt_disable":"","_jetpack_memberships_contains_paid_content":false,"footnotes":""},"categories":[109,47],"tags":[2298],"class_list":["post-36895","post","type-post","status-publish","format-standard","has-post-thumbnail","hentry","category-minuto-a-minuto","category-zona-gris","tag-museo-de-arte-contemporaneo-de-oaxaca-maco"],"jetpack_featured_media_url":"https:\/\/zonaroja.com.mx\/wp-content\/uploads\/2022\/01\/Protesta-ex-trabajadores-MACO.jpg","jetpack_sharing_enabled":true,"_links":{"self":[{"href":"https:\/\/zonaroja.com.mx\/index.php?rest_route=\/wp\/v2\/posts\/36895","targetHints":{"allow":["GET"]}}],"collection":[{"href":"https:\/\/zonaroja.com.mx\/index.php?rest_route=\/wp\/v2\/posts"}],"about":[{"href":"https:\/\/zonaroja.com.mx\/index.php?rest_route=\/wp\/v2\/types\/post"}],"author":[{"embeddable":true,"href":"https:\/\/zonaroja.com.mx\/index.php?rest_route=\/wp\/v2\/users\/2"}],"replies":[{"embeddable":true,"href":"https:\/\/zonaroja.com.mx\/index.php?rest_route=%2Fwp%2Fv2%2Fcomments&post=36895"}],"version-history":[{"count":1,"href":"https:\/\/zonaroja.com.mx\/index.php?rest_route=\/wp\/v2\/posts\/36895\/revisions"}],"predecessor-version":[{"id":36896,"href":"https:\/\/zonaroja.com.mx\/index.php?rest_route=\/wp\/v2\/posts\/36895\/revisions\/36896"}],"wp:featuredmedia":[{"embeddable":true,"href":"https:\/\/zonaroja.com.mx\/index.php?rest_route=\/wp\/v2\/media\/36886"}],"wp:attachment":[{"href":"https:\/\/zonaroja.com.mx\/index.php?rest_route=%2Fwp%2Fv2%2Fmedia&parent=36895"}],"wp:term":[{"taxonomy":"category","embeddable":true,"href":"https:\/\/zonaroja.com.mx\/index.php?rest_route=%2Fwp%2Fv2%2Fcategories&post=36895"},{"taxonomy":"post_tag","embeddable":true,"href":"https:\/\/zonaroja.com.mx\/index.php?rest_route=%2Fwp%2Fv2%2Ftags&post=36895"}],"curies":[{"name":"wp","href":"https:\/\/api.w.org\/{rel}","templated":true}]}}